{"id":8805,"date":"2015-09-14T23:14:53","date_gmt":"2015-09-15T04:14:53","guid":{"rendered":"http:\/\/www.revistazetta.com\/?p=8805"},"modified":"2015-09-14T23:18:05","modified_gmt":"2015-09-15T04:18:05","slug":"jorge-useche-nuestro-tiempo","status":"publish","type":"post","link":"https:\/\/revistazetta.com\/?p=8805","title":{"rendered":"Jorge Useche: Nuestro tiempo"},"content":{"rendered":"<p>Jorge Useche Correa dej\u00f3 su curul como edil de la Localidad Hist\u00f3rica para dar el salto al Concejo de Cartagena por el Partido Conservador.<\/p>\n<p>A sus 28 a\u00f1os de edad, Useche la tiene clara. Expresa que la pol\u00edtica es exitosa si se planea; habla que su proyecto es a 30 a\u00f1os y que culmina cuando llegue al Palacio de Nari\u00f1o como Presidente de la Rep\u00fablica.<\/p>\n<p>La vena pol\u00edtica dice Jorge Useche viene de su abuelo Sa\u00fal Correa- fallecido- quien siempre milit\u00f3 y onde\u00f3 las banderas del Partido Conservador, desde la \u00e9poca de Laureano G\u00f3mez en los 50 y de Josefina de G\u00f3mez Naar en los 70 y 80.<\/p>\n<p>Su proyecci\u00f3n de llegar al Concejo, dice que se dio desde el mismo momento que realiz\u00f3 la campa\u00f1a para ser edil de la localidad 1, sacando en el 2011 la primera votaci\u00f3n con unos 2.500 votos. \u00abNo es una campa\u00f1a improvisada y la venimos organizando desde hace cuatro a\u00f1os\u00bb, enfatiza.<\/p>\n<p>Asegura Useche que siente a Cartagena en el coraz\u00f3n y que esta impregnada en el actuar diario de su vida, buscando el bienestar de todas y todos. Su proyecto es vinculante, enfatiza, y su prop\u00f3sito es que todos los j\u00f3venes igual que el, entiendan que juntos pueden transformar la ciudad.<\/p>\n<p>Su familia paterna y materna son del campo, unos del Choc\u00f3- los Useche- los otros de San Pedro Sucre- los Correa. Dice recordar todos los d\u00edas a su padre Carlos Useche quien muri\u00f3 siendo el un adolescente. \u00abPoncho\u00bb, como le llaman cari\u00f1osamente le toc\u00f3 desde ese momento sacudir los zapatos y cumplir el rol de hermano mayor de tres, siempre con el firme prop\u00f3sito de ayudar a su madre a sacarlos adelante.<\/p>\n<p>Es hijo de Nereida Correa, mujer que desde lo p\u00fablico se ha dedicado a la educaci\u00f3n, primero desde el Sena, luego en el gobierno de Judith Pinedo como directora de los CERES y recientemente desde el Ministerio de Educaci\u00f3n, como gerente del Programa de Educaci\u00f3n para el Trabajo.<\/p>\n<p>\u00abPoncho\u00bb es de esas personas dif\u00edcil de no apreciar. Sus t\u00edos- los Correa del Barrio Espa\u00f1a y los Useche- lo miran como un hijo m\u00e1s. Es de esos muchachos admirables que siempre anda en b\u00fasqueda de cosas nuevas para el progreso de la comunidad y los suyos.<\/p>\n<p>Dice que su vocaci\u00f3n de servidor p\u00fablico adem\u00e1s de llevarlo en la sangre, la vio en diario vivir con sus padres.<\/p>\n<p>Trabaja jornadas extensas de barrio en barrio y de comunidad en comunidad, porque ha planeado recorrer todo y cada uno de los rincones de la Heroica para dar a conocer sus propuestas a llevar al Concejo Distrital de Cartagena.<\/p>\n<p>Cuando lleg\u00f3 a la JAL Uno logr\u00f3 hacerse elegir como el Presidente de la Asociaci\u00f3n Distrital de ediles, que re\u00fane a los 27 que tiene Cartagena de Indias, desde donde realiz\u00f3 acciones conjuntas en favor de las tres localidades.<\/p>\n<p>\u00abLogramos desde este cargo hacer valer la ley 1617 o ley de Distrito, llegamos hasta el Congreso a dialogar con los senadores y representantes de la Costa Caribe, para que se triplicaran los montos de los Fondo de Desarrollo Local, en los que se adjudicaron unos $10 mil millones para inversi\u00f3n, siendo cada alcalde de localidad el ordenador del gasto en los proyectos aprobados en la JAL\u00bb, explica.<\/p>\n<p>Useche est\u00e1 en campa\u00f1a y espera que el 25 de octubre que los cartageneros le demos la oportunidad de ocupar un esca\u00f1o en el sal\u00f3n Josefina de G\u00f3mez Naar, la conservadora m\u00e1s prolifera en votantes que ha parido esta tierra.<\/p>\n<p>&nbsp;<\/p>\n<p>&nbsp;<\/p>\n<p>&nbsp;<\/p>\n","protected":false},"excerpt":{"rendered":"<p>Jorge Useche Correa dej\u00f3 su curul como edil de la Localidad Hist\u00f3rica para dar el salto al Concejo de Cartagena por el Partido Conservador. A sus 28 a\u00f1os de edad, Useche la tiene clara. Expresa que la pol\u00edtica es exitosa si se planea; habla que su proyecto es a 30 a\u00f1os y que culmina cuando llegue al Palacio de Nari\u00f1o como Presidente de la Rep\u00fablica. La vena pol\u00edtica dice Jorge Useche viene de su abuelo Sa\u00fal Correa- fallecido- quien siempre milit\u00f3 y onde\u00f3 las banderas del Partido Conservador, desde la&#8230; <\/p>\n","protected":false},"author":3,"featured_media":0,"comment_status":"open","ping_status":"closed","sticky":false,"template":"","format":"standard","meta":{"footnotes":"","_links_to":"","_links_to_target":""},"categories":[4,31],"tags":[],"class_list":["post-8805","post","type-post","status-publish","format-standard","hentry","category-politica","category-politica-reportajes"],"_links":{"self":[{"href":"https:\/\/revistazetta.com\/index.php?rest_route=\/wp\/v2\/posts\/8805","targetHints":{"allow":["GET"]}}],"collection":[{"href":"https:\/\/revistazetta.com\/index.php?rest_route=\/wp\/v2\/posts"}],"about":[{"href":"https:\/\/revistazetta.com\/index.php?rest_route=\/wp\/v2\/types\/post"}],"author":[{"embeddable":true,"href":"https:\/\/revistazetta.com\/index.php?rest_route=\/wp\/v2\/users\/3"}],"replies":[{"embeddable":true,"href":"https:\/\/revistazetta.com\/index.php?rest_route=%2Fwp%2Fv2%2Fcomments&post=8805"}],"version-history":[{"count":0,"href":"https:\/\/revistazetta.com\/index.php?rest_route=\/wp\/v2\/posts\/8805\/revisions"}],"wp:attachment":[{"href":"https:\/\/revistazetta.com\/index.php?rest_route=%2Fwp%2Fv2%2Fmedia&parent=8805"}],"wp:term":[{"taxonomy":"category","embeddable":true,"href":"https:\/\/revistazetta.com\/index.php?rest_route=%2Fwp%2Fv2%2Fcategories&post=8805"},{"taxonomy":"post_tag","embeddable":true,"href":"https:\/\/revistazetta.com\/index.php?rest_route=%2Fwp%2Fv2%2Ftags&post=8805"}],"curies":[{"name":"wp","href":"https:\/\/api.w.org\/{rel}","templated":true}]}}