{"id":8806,"date":"2015-09-14T23:16:21","date_gmt":"2015-09-15T04:16:21","guid":{"rendered":"http:\/\/www.revistazetta.com\/?p=8806"},"modified":"2015-09-14T23:16:21","modified_gmt":"2015-09-15T04:16:21","slug":"alcalde-de-cartagena-eludio-debate-de-transcaribe","status":"publish","type":"post","link":"https:\/\/revistazetta.com\/?p=8806","title":{"rendered":"Alcalde de Cartagena eludi\u00f3 debate de Transcaribe"},"content":{"rendered":"<p>Una nueva fecha tendr\u00e1 el debate sobre Transcaribe en el Senado de la Rep\u00fablica debido a que el Alcalde de Cartagena, Dionisio V\u00e9lez, no alleg\u00f3 a tiempo las respuestas del cuestionario enviadas con suficiente antelaci\u00f3n.<\/p>\n<p>La oficina de prensa del senador citante, Andr\u00e9s Felipe Garc\u00eda Zuccardi, expidi\u00f3 este comunicado:<\/p>\n<p>\u201cNo hubo respuestas a los interrogantes contemplados en el cuestionario del debate en el Congreso de la Rep\u00fablica sobre el tema Transcaribe al cual fue citado entre otros, el Alcalde Mayor de Cartagena, Dionisio V\u00e9lez notificado sobre el particular desde el pasado 25 de agosto del presente a\u00f1o y sin embargo no manifest\u00f3 inter\u00e9s alguno en despejar las dudas que presentan los senadores de la Comisi\u00f3n Sexta del Senado frente a este proyecto que bien tiene a los cartageneros tan preocupados como inconformes. A pesar de lo expresado p\u00fablicamente por el mandatario de los cartageneros en El Universal, las respuestas no existen.<\/p>\n<p>Las respuestas del cuestionario fueron esperadas por el organismo legislativo pero hasta la fecha no se tiene documentos que indiquen inter\u00e9s en el tema Transcaribe de Cartagena de Indias ni las respectivas excusas formales por parte del Alcalde V\u00e9lez Trujillo.<\/p>\n<p>Con base en la ley 5 de 1992, el Congreso de la Rep\u00fablica aplaza hasta nueva orden el debate que estaba previsto para hoy martes 15 de septiembre de 2015 a las 10:00 am en el sal\u00f3n de sesiones del Congreso, citado por el Senador Andr\u00e9s Garc\u00eda Zuccardi, miembro de la Comisi\u00f3n Sexta mediante proposici\u00f3n n\u00famero 12\/15 y aprobada por unanimidad en la sesi\u00f3n del pasado 25 de agosto de 2015 , cuyo tema central es el proyecto Transcaribe, sus alcances, su financiaci\u00f3n y la puesta en marcha de este sistema de transporte en la Heroica, entre otros importantes datos de estricta obligaci\u00f3n para ser dados a conocer a la opini\u00f3n p\u00fablica y m\u00e1s exactamente a los habitantes de Cartagena de Indias.<\/p>\n<p>El debate est\u00e1 basado en el funcionamiento del proyecto Transcaribe y cabe anotar que la citaci\u00f3n tambi\u00e9n se le hizo v\u00eda correo electr\u00f3nico al Fiscal General de la Naci\u00f3n, Eduardo Montealegre y al Procurador General de la Naci\u00f3n, Alejandro Ord\u00f3\u00f1ez para que con base en lo escuchado puedan adelantar las acciones judiciales correspondientes si de la consecuci\u00f3n del debate se encontrara alguna irregularidad\u201d.<\/p>\n","protected":false},"excerpt":{"rendered":"<p>Una nueva fecha tendr\u00e1 el debate sobre Transcaribe en el Senado de la Rep\u00fablica debido a que el Alcalde de Cartagena, Dionisio V\u00e9lez, no alleg\u00f3 a tiempo las respuestas del cuestionario enviadas con suficiente antelaci\u00f3n. La oficina de prensa del senador citante, Andr\u00e9s Felipe Garc\u00eda Zuccardi, expidi\u00f3 este comunicado: \u201cNo hubo respuestas a los interrogantes contemplados en el cuestionario del debate en el Congreso de la Rep\u00fablica sobre el tema Transcaribe al cual fue citado entre otros, el Alcalde Mayor de Cartagena, Dionisio V\u00e9lez notificado sobre el particular desde el&#8230; <\/p>\n","protected":false},"author":3,"featured_media":0,"comment_status":"open","ping_status":"closed","sticky":false,"template":"","format":"standard","meta":{"footnotes":"","_links_to":"","_links_to_target":""},"categories":[2,32],"tags":[],"class_list":["post-8806","post","type-post","status-publish","format-standard","hentry","category-actualidad","category-actualidad-distrito"],"_links":{"self":[{"href":"https:\/\/revistazetta.com\/index.php?rest_route=\/wp\/v2\/posts\/8806","targetHints":{"allow":["GET"]}}],"collection":[{"href":"https:\/\/revistazetta.com\/index.php?rest_route=\/wp\/v2\/posts"}],"about":[{"href":"https:\/\/revistazetta.com\/index.php?rest_route=\/wp\/v2\/types\/post"}],"author":[{"embeddable":true,"href":"https:\/\/revistazetta.com\/index.php?rest_route=\/wp\/v2\/users\/3"}],"replies":[{"embeddable":true,"href":"https:\/\/revistazetta.com\/index.php?rest_route=%2Fwp%2Fv2%2Fcomments&post=8806"}],"version-history":[{"count":0,"href":"https:\/\/revistazetta.com\/index.php?rest_route=\/wp\/v2\/posts\/8806\/revisions"}],"wp:attachment":[{"href":"https:\/\/revistazetta.com\/index.php?rest_route=%2Fwp%2Fv2%2Fmedia&parent=8806"}],"wp:term":[{"taxonomy":"category","embeddable":true,"href":"https:\/\/revistazetta.com\/index.php?rest_route=%2Fwp%2Fv2%2Fcategories&post=8806"},{"taxonomy":"post_tag","embeddable":true,"href":"https:\/\/revistazetta.com\/index.php?rest_route=%2Fwp%2Fv2%2Ftags&post=8806"}],"curies":[{"name":"wp","href":"https:\/\/api.w.org\/{rel}","templated":true}]}}