{"id":8807,"date":"2015-09-14T23:21:05","date_gmt":"2015-09-15T04:21:05","guid":{"rendered":"http:\/\/www.revistazetta.com\/?p=8807"},"modified":"2015-09-14T23:21:29","modified_gmt":"2015-09-15T04:21:29","slug":"comerciantes-de-bazurto-seran-prioridad-en-mi-gobierno-gina-benedetti","status":"publish","type":"post","link":"https:\/\/revistazetta.com\/?p=8807","title":{"rendered":"\u201cComerciantes de Bazurto ser\u00e1n prioridad en mi gobierno\u201d: Gina Benedetti"},"content":{"rendered":"<p><a href=\"https:\/\/www.revistazetta.com\/wp-content\/uploads\/2015\/09\/MERCADO-DE-BAZURTO-102.jpg\"><img loading=\"lazy\" decoding=\"async\" class=\" size-medium wp-image-8809 alignright\" src=\"https:\/\/www.revistazetta.com\/wp-content\/uploads\/2015\/09\/MERCADO-DE-BAZURTO-102-300x188.jpg\" alt=\"MERCADO DE BAZURTO (102)\" width=\"300\" height=\"188\" \/><\/a>Preocupada por las constantes quejas y reclamos de los comerciantes de Bazurto, quienes piden que les aclaren su situaci\u00f3n respecto a su reubicaci\u00f3n y traslado, la candidata de la seguridad, Gina Benedetti de V\u00e9lez este fin de semana visit\u00f3 e hizo un dialogo popular con los comerciantes de la zona, con el fin de conocer de primera mano cu\u00e1les son sus problem\u00e1ticas.<\/p>\n<p>\u201cPara todo los comerciantes y due\u00f1os de negocios en el mercado tengan toda la tranquilidad, porque en mi gobierno no atropellar\u00e9 a mis conciudadanos. A trav\u00e9s del dialogo popular y participaci\u00f3n de todos los entes vamos a sacar adelante el mercado de Bazurto. Llevo en mis propuestas un \u00a0modelo de centralidad y renovaci\u00f3n urbana, donde se incluir\u00e1 un proyecto de desarrollo inmobiliario institucional, comercial y de vivienda, acorde \u00a0con el esp\u00edritu emprendedor y de integraci\u00f3n social de Bazurto\u201d, asever\u00f3 Gina Benedetti.<\/p>\n<p>Gina Benedetti tambi\u00e9n promueve en su plan de gobierno, propuestas para generar m\u00e1s empleo en la ciudad y oportunidades para j\u00f3venes, hombres y mujeres. \u201cFormalizaci\u00f3n responsable de la informalidad\u201d; \u201cEconom\u00eda Caribe, (Econom\u00eda Creativa + Econom\u00eda Naranja)\u201d, Un programa especial de oportunidades, \u201cCartagena Emprende\u201d, \u201cEconom\u00eda solidaria con miras a la micro, peque\u00f1a y mediana empresa\u201d.<\/p>\n","protected":false},"excerpt":{"rendered":"<p>Preocupada por las constantes quejas y reclamos de los comerciantes de Bazurto, quienes piden que les aclaren su situaci\u00f3n respecto a su reubicaci\u00f3n y traslado, la candidata de la seguridad, Gina Benedetti de V\u00e9lez este fin de semana visit\u00f3 e hizo un dialogo popular con los comerciantes de la zona, con el fin de conocer de primera mano cu\u00e1les son sus problem\u00e1ticas. \u201cPara todo los comerciantes y due\u00f1os de negocios en el mercado tengan toda la tranquilidad, porque en mi gobierno no atropellar\u00e9 a mis conciudadanos. A trav\u00e9s del dialogo&#8230; <\/p>\n","protected":false},"author":3,"featured_media":0,"comment_status":"open","ping_status":"closed","sticky":false,"template":"","format":"standard","meta":{"footnotes":"","_links_to":"","_links_to_target":""},"categories":[26,4],"tags":[],"class_list":["post-8807","post","type-post","status-publish","format-standard","hentry","category-politica-noticias","category-politica"],"_links":{"self":[{"href":"https:\/\/revistazetta.com\/index.php?rest_route=\/wp\/v2\/posts\/8807","targetHints":{"allow":["GET"]}}],"collection":[{"href":"https:\/\/revistazetta.com\/index.php?rest_route=\/wp\/v2\/posts"}],"about":[{"href":"https:\/\/revistazetta.com\/index.php?rest_route=\/wp\/v2\/types\/post"}],"author":[{"embeddable":true,"href":"https:\/\/revistazetta.com\/index.php?rest_route=\/wp\/v2\/users\/3"}],"replies":[{"embeddable":true,"href":"https:\/\/revistazetta.com\/index.php?rest_route=%2Fwp%2Fv2%2Fcomments&post=8807"}],"version-history":[{"count":0,"href":"https:\/\/revistazetta.com\/index.php?rest_route=\/wp\/v2\/posts\/8807\/revisions"}],"wp:attachment":[{"href":"https:\/\/revistazetta.com\/index.php?rest_route=%2Fwp%2Fv2%2Fmedia&parent=8807"}],"wp:term":[{"taxonomy":"category","embeddable":true,"href":"https:\/\/revistazetta.com\/index.php?rest_route=%2Fwp%2Fv2%2Fcategories&post=8807"},{"taxonomy":"post_tag","embeddable":true,"href":"https:\/\/revistazetta.com\/index.php?rest_route=%2Fwp%2Fv2%2Ftags&post=8807"}],"curies":[{"name":"wp","href":"https:\/\/api.w.org\/{rel}","templated":true}]}}