{"id":8810,"date":"2015-09-14T23:23:48","date_gmt":"2015-09-15T04:23:48","guid":{"rendered":"http:\/\/www.revistazetta.com\/?p=8810"},"modified":"2015-09-14T23:29:09","modified_gmt":"2015-09-15T04:29:09","slug":"manuel-vicente-duque-propone-una-agenda-para-la-transformacion-urbana-de-cartagena","status":"publish","type":"post","link":"https:\/\/revistazetta.com\/?p=8810","title":{"rendered":"Manuel Vicente Duque propone una agenda para la transformaci\u00f3n urbana de Cartagena"},"content":{"rendered":"<p>Este martes, a las 5:00 de la tarde en el Hotel Almirante, Manuel Vicente Duque, candidato a la Alcald\u00eda de Cartagena por el Movimiento Ciudadano \u201cPrimero la Gente\u201d, estar\u00e1 junto a otros dos conferencistas, disertando sobre los \u201cRetos y Potencialidades de Cartagena de Indias: Apuntes para una agenda urbana en la gesti\u00f3n distrital 2016-2019\u201d. El foro contar\u00e1 con la participaci\u00f3n de los Doctores en Urbanismo, Maruja Redondo G\u00f3mez (Colombia) y Sergio Padilla Galicia (M\u00e9xico).<\/p>\n<p>Al evento asistir\u00e1n profesionales de todas las \u00e1reas, a quienes se le extendi\u00f3 la invitaci\u00f3n para poner su conocimiento y experiencia al servicio de Cartagena. En el marco de este evento, el candidato har\u00e1 oficial la presentaci\u00f3n del grupo de profesionales que lo ha venido acompa\u00f1ando en la construcci\u00f3n de su programa de gobierno, y en la formulaci\u00f3n de acciones claves para lograr una Cartagena m\u00e1s igualitaria e incluyente.<\/p>\n<p>Desde los inicios de su campa\u00f1a, Manuel Vicente Duque ha conformado un equipo de trabajo multidisciplinar que d\u00eda a d\u00eda trabaja por el fortalecimiento de los postulados del Movimiento Ciudadano \u201cPrimero la Gente\u201d y de su programa de gobierno, que ha sido calificado como uno de los mejores, seg\u00fan empresarios y acad\u00e9micos de la ciudad. \u201cEn \u2018Primero la Gente\u2019 reconocemos el potencial y la calidad que tienen nuestros profesionales, por eso creemos que es necesario comenzar a generar una agenda de trabajo que permita poner todo ese conocimiento y experiencia para impulsar el desarrollo de nuestro Corralito de Piedra\u201d, as\u00ed lo afirma el aspirante.<\/p>\n<p>M\u00e1s de 50 profesionales trabajan hombro a hombro, tienen claro que con Manuel Vicente Duque, es posible la verdadera participaci\u00f3n, en donde se respetan los criterios profesionales, se valoran las experiencias y se concilian las divergencias, a favor de alcanzar la Cartagena que necesita la gente.<\/p>\n","protected":false},"excerpt":{"rendered":"<p>Este martes, a las 5:00 de la tarde en el Hotel Almirante, Manuel Vicente Duque, candidato a la Alcald\u00eda de Cartagena por el Movimiento Ciudadano \u201cPrimero la Gente\u201d, estar\u00e1 junto a otros dos conferencistas, disertando sobre los \u201cRetos y Potencialidades de Cartagena de Indias: Apuntes para una agenda urbana en la gesti\u00f3n distrital 2016-2019\u201d. El foro contar\u00e1 con la participaci\u00f3n de los Doctores en Urbanismo, Maruja Redondo G\u00f3mez (Colombia) y Sergio Padilla Galicia (M\u00e9xico). Al evento asistir\u00e1n profesionales de todas las \u00e1reas, a quienes se le extendi\u00f3 la invitaci\u00f3n para&#8230; <\/p>\n","protected":false},"author":3,"featured_media":0,"comment_status":"open","ping_status":"closed","sticky":false,"template":"","format":"standard","meta":{"footnotes":"","_links_to":"","_links_to_target":""},"categories":[26,4],"tags":[],"class_list":["post-8810","post","type-post","status-publish","format-standard","hentry","category-politica-noticias","category-politica"],"_links":{"self":[{"href":"https:\/\/revistazetta.com\/index.php?rest_route=\/wp\/v2\/posts\/8810","targetHints":{"allow":["GET"]}}],"collection":[{"href":"https:\/\/revistazetta.com\/index.php?rest_route=\/wp\/v2\/posts"}],"about":[{"href":"https:\/\/revistazetta.com\/index.php?rest_route=\/wp\/v2\/types\/post"}],"author":[{"embeddable":true,"href":"https:\/\/revistazetta.com\/index.php?rest_route=\/wp\/v2\/users\/3"}],"replies":[{"embeddable":true,"href":"https:\/\/revistazetta.com\/index.php?rest_route=%2Fwp%2Fv2%2Fcomments&post=8810"}],"version-history":[{"count":0,"href":"https:\/\/revistazetta.com\/index.php?rest_route=\/wp\/v2\/posts\/8810\/revisions"}],"wp:attachment":[{"href":"https:\/\/revistazetta.com\/index.php?rest_route=%2Fwp%2Fv2%2Fmedia&parent=8810"}],"wp:term":[{"taxonomy":"category","embeddable":true,"href":"https:\/\/revistazetta.com\/index.php?rest_route=%2Fwp%2Fv2%2Fcategories&post=8810"},{"taxonomy":"post_tag","embeddable":true,"href":"https:\/\/revistazetta.com\/index.php?rest_route=%2Fwp%2Fv2%2Ftags&post=8810"}],"curies":[{"name":"wp","href":"https:\/\/api.w.org\/{rel}","templated":true}]}}