{"id":8819,"date":"2015-09-15T17:05:04","date_gmt":"2015-09-15T22:05:04","guid":{"rendered":"http:\/\/www.revistazetta.com\/?p=8819"},"modified":"2015-09-15T17:05:04","modified_gmt":"2015-09-15T22:05:04","slug":"manuel-bula-bula-la-educacion-es-motor-de-cambios","status":"publish","type":"post","link":"https:\/\/revistazetta.com\/?p=8819","title":{"rendered":"Manuel Bula Bula: la educaci\u00f3n es motor de cambios"},"content":{"rendered":"<p><a href=\"https:\/\/www.revistazetta.com\/wp-content\/uploads\/2015\/09\/Bula-99.jpg\"><img loading=\"lazy\" decoding=\"async\" class=\" size-medium wp-image-8826 alignright\" src=\"https:\/\/www.revistazetta.com\/wp-content\/uploads\/2015\/09\/Bula-99-300x188.jpg\" alt=\"Bula 99\" width=\"300\" height=\"188\" \/><\/a>Una vida consagrada a la educaci\u00f3n y la administraci\u00f3n de justicia son la carta de presentaci\u00f3n de Manuel Bula Bula, quien pone toda esa experiencia a consideraci\u00f3n de los bolivarenses con su aspiraci\u00f3n de la Asamblea de Bol\u00edvar.<\/p>\n<p>El respeto que inspira su hoja de vida es uno de los elementos que han precipitado un enorme respaldo, que lo llevan a colocarse como favorito para una de las m\u00e1s altas votaciones del partido Liberal para la Asamblea.<\/p>\n<p>\u201cQuiero devolverle algo a Cartagena y Bol\u00edvar de lo mucho que me han dado\u201d, dice Bula Bula, quien por largos a\u00f1os estuvo al frente del Icetex en Bol\u00edvar, y despu\u00e9s se dedic\u00f3 al litigio como abogado.<\/p>\n<p>Se\u00f1ala que su candidatura apunta a los sectores menos favorecidos de la comunidad dentro del esp\u00edritu liberal con que desarrollado su vida.<\/p>\n<p>Dice que el motor central de la sociedad es la educaci\u00f3n y ese ser\u00e1 el campo que m\u00e1s atenci\u00f3n le merecer\u00e1 desde su curul en la Asamblea Departamental de Bol\u00edvar. \u201cCreo que el progreso de los pueblos llega por la educaci\u00f3n, pero con calidades, por lo que tenemos que fortalecer ese campo para competir en este mundo de la globalizaci\u00f3n\u201d.<\/p>\n<p>Ha habido cierta apat\u00eda en las corporaciones pero ha llegado la hora de reinvindicar a la Asamblea y que la gente se atreva a manifestar su respaldo a nuevas propuestas.<\/p>\n<p>Dice que naci\u00f3 en cuna liberal, su trayectoria ha sido dentro del liberalismo y desde luego est\u00e1 orgulloso de representar a este partido en la Asamblea de Bol\u00edvar.<\/p>\n<p>Lleva 30 a\u00f1os recorriendo los municipios y corregimientos de Bol\u00edvar, y todos los barrios de Cartagena, por lo que conoce a sus gentes y por eso ha puesto su nombre a consideraci\u00f3n.<\/p>\n<p>\u201cDici\u00e9ndole a la comunidad que hay que atreverse a pensar, atreverse a so\u00f1ar, que debemos fortalecer la educaci\u00f3n, fortalecer a la juventud para que no ande ociosa, y que el tiempo se enfoque a la educaci\u00f3n el deporte y la cultura como instrumentos de progreso de la comunidad\u201d.<\/p>\n<p>Bula Bula est\u00e1 apoyando con entusiasmo al candidato de su partido a la Gobernaci\u00f3n, Dumek Turbay, y cuenta con el respaldo de varios candidatos a Concejo en Cartagena y varios municipios, as\u00ed como a la JAL en Cartagena. Para la Alcald\u00eda de Cartagena respalda a Quinto Guerra Varela.<\/p>\n<p>\u201cEducando al pueblo podemos lograr las transformaciones sociales\u201d, insiste.<\/p>\n","protected":false},"excerpt":{"rendered":"<p>Una vida consagrada a la educaci\u00f3n y la administraci\u00f3n de justicia son la carta de presentaci\u00f3n de Manuel Bula Bula, quien pone toda esa experiencia a consideraci\u00f3n de los bolivarenses con su aspiraci\u00f3n de la Asamblea de Bol\u00edvar. El respeto que inspira su hoja de vida es uno de los elementos que han precipitado un enorme respaldo, que lo llevan a colocarse como favorito para una de las m\u00e1s altas votaciones del partido Liberal para la Asamblea. \u201cQuiero devolverle algo a Cartagena y Bol\u00edvar de lo mucho que me han&#8230; <\/p>\n","protected":false},"author":3,"featured_media":0,"comment_status":"open","ping_status":"closed","sticky":false,"template":"","format":"standard","meta":{"footnotes":"","_links_to":"","_links_to_target":""},"categories":[4,31],"tags":[],"class_list":["post-8819","post","type-post","status-publish","format-standard","hentry","category-politica","category-politica-reportajes"],"_links":{"self":[{"href":"https:\/\/revistazetta.com\/index.php?rest_route=\/wp\/v2\/posts\/8819","targetHints":{"allow":["GET"]}}],"collection":[{"href":"https:\/\/revistazetta.com\/index.php?rest_route=\/wp\/v2\/posts"}],"about":[{"href":"https:\/\/revistazetta.com\/index.php?rest_route=\/wp\/v2\/types\/post"}],"author":[{"embeddable":true,"href":"https:\/\/revistazetta.com\/index.php?rest_route=\/wp\/v2\/users\/3"}],"replies":[{"embeddable":true,"href":"https:\/\/revistazetta.com\/index.php?rest_route=%2Fwp%2Fv2%2Fcomments&post=8819"}],"version-history":[{"count":0,"href":"https:\/\/revistazetta.com\/index.php?rest_route=\/wp\/v2\/posts\/8819\/revisions"}],"wp:attachment":[{"href":"https:\/\/revistazetta.com\/index.php?rest_route=%2Fwp%2Fv2%2Fmedia&parent=8819"}],"wp:term":[{"taxonomy":"category","embeddable":true,"href":"https:\/\/revistazetta.com\/index.php?rest_route=%2Fwp%2Fv2%2Fcategories&post=8819"},{"taxonomy":"post_tag","embeddable":true,"href":"https:\/\/revistazetta.com\/index.php?rest_route=%2Fwp%2Fv2%2Ftags&post=8819"}],"curies":[{"name":"wp","href":"https:\/\/api.w.org\/{rel}","templated":true}]}}