{"id":8827,"date":"2015-09-15T17:06:55","date_gmt":"2015-09-15T22:06:55","guid":{"rendered":"http:\/\/www.revistazetta.com\/?p=8827"},"modified":"2015-09-15T17:06:55","modified_gmt":"2015-09-15T22:06:55","slug":"quinto-es-oportunista-y-esta-falseando-a-dionisio-asegura-manolo-duque","status":"publish","type":"post","link":"https:\/\/revistazetta.com\/?p=8827","title":{"rendered":"Quinto es oportunista y est\u00e1 falseando a Dionisio, asegura Manolo Duque"},"content":{"rendered":"<p>Durante una entrevista realizada en un importante medio radial el candidato a la alcald\u00eda de Cartagena Manuel Vicente Duque (Manolo) se\u00f1al\u00f3 que no entiende como su colega Quinto Guerra Varela critica la actual situaci\u00f3n de Transcaribe, si como concejal nunca le hizo control pol\u00edtico al tema, como tiene la osad\u00eda ahora de criticar este sistema masivo de transporte.<\/p>\n<p>\u201cEs tal es descaro del ex concejal que aun teniendo una Secretar\u00eda dentro de la actual administraci\u00f3n, critica a Transcaribe\u2026 como coadministrador de la ciudad a trav\u00e9s de la Presidencia del Concejo \u00bfa cu\u00e1ntos debates cit\u00f3 al alcalde? Y ahora, como necesita generar opini\u00f3n, le da palo al alcalde\u201d, se\u00f1al\u00f3 Duque V\u00e1squez.<\/p>\n<p>Asegura que el candidato de las supuestas soluciones serias dur\u00f3 varios a\u00f1os en el Concejo de la ciudad y no propuso nada para sacar a esta ciudad de la pobreza y el abandono y ahora aparece como el redentor que todo soluciona.<\/p>\n<p>Manolo invit\u00f3 a la ciudadan\u00eda a no caer en enga\u00f1os y a tener claro qui\u00e9nes fueron los que por a\u00f1os gobernaron esta ciudad sin hacer nada por ella y ahora salen a decir que son serios cuando muchos lo conocen como desleales.<\/p>\n<p>Sobre el tema Transcaribe reconoci\u00f3 los esfuerzos hechos por el actual alcalde al intentar ponerlo a funcionar, aunque esta seguro que el primer alcalde Cartagena en subirse en un articulado y rodar por las calle de la Heroica ser\u00e1 Manolo Duque, el candidato de la gente.<\/p>\n","protected":false},"excerpt":{"rendered":"<p>Durante una entrevista realizada en un importante medio radial el candidato a la alcald\u00eda de Cartagena Manuel Vicente Duque (Manolo) se\u00f1al\u00f3 que no entiende como su colega Quinto Guerra Varela critica la actual situaci\u00f3n de Transcaribe, si como concejal nunca le hizo control pol\u00edtico al tema, como tiene la osad\u00eda ahora de criticar este sistema masivo de transporte. \u201cEs tal es descaro del ex concejal que aun teniendo una Secretar\u00eda dentro de la actual administraci\u00f3n, critica a Transcaribe\u2026 como coadministrador de la ciudad a trav\u00e9s de la Presidencia del Concejo&#8230; <\/p>\n","protected":false},"author":3,"featured_media":8820,"comment_status":"open","ping_status":"closed","sticky":false,"template":"","format":"standard","meta":{"footnotes":"","_links_to":"","_links_to_target":""},"categories":[26,4],"tags":[],"class_list":["post-8827","post","type-post","status-publish","format-standard","has-post-thumbnail","hentry","category-politica-noticias","category-politica"],"_links":{"self":[{"href":"https:\/\/revistazetta.com\/index.php?rest_route=\/wp\/v2\/posts\/8827","targetHints":{"allow":["GET"]}}],"collection":[{"href":"https:\/\/revistazetta.com\/index.php?rest_route=\/wp\/v2\/posts"}],"about":[{"href":"https:\/\/revistazetta.com\/index.php?rest_route=\/wp\/v2\/types\/post"}],"author":[{"embeddable":true,"href":"https:\/\/revistazetta.com\/index.php?rest_route=\/wp\/v2\/users\/3"}],"replies":[{"embeddable":true,"href":"https:\/\/revistazetta.com\/index.php?rest_route=%2Fwp%2Fv2%2Fcomments&post=8827"}],"version-history":[{"count":0,"href":"https:\/\/revistazetta.com\/index.php?rest_route=\/wp\/v2\/posts\/8827\/revisions"}],"wp:featuredmedia":[{"embeddable":true,"href":"https:\/\/revistazetta.com\/index.php?rest_route=\/wp\/v2\/media\/8820"}],"wp:attachment":[{"href":"https:\/\/revistazetta.com\/index.php?rest_route=%2Fwp%2Fv2%2Fmedia&parent=8827"}],"wp:term":[{"taxonomy":"category","embeddable":true,"href":"https:\/\/revistazetta.com\/index.php?rest_route=%2Fwp%2Fv2%2Fcategories&post=8827"},{"taxonomy":"post_tag","embeddable":true,"href":"https:\/\/revistazetta.com\/index.php?rest_route=%2Fwp%2Fv2%2Ftags&post=8827"}],"curies":[{"name":"wp","href":"https:\/\/api.w.org\/{rel}","templated":true}]}}