{"id":8835,"date":"2015-09-16T07:21:21","date_gmt":"2015-09-16T12:21:21","guid":{"rendered":"http:\/\/www.revistazetta.com\/?p=8835"},"modified":"2015-09-16T07:21:21","modified_gmt":"2015-09-16T12:21:21","slug":"con-tutela-transportadores-buscan-frenar-cancelacion-de-rutas","status":"publish","type":"post","link":"https:\/\/revistazetta.com\/?p=8835","title":{"rendered":"Con tutela transportadores buscan frenar cancelaci\u00f3n de rutas"},"content":{"rendered":"<p>El gerente de Transcaribe, Carlos Coronado Yances, rechaz\u00f3 el intento de algunos transportadores y empresas del sector de tumbar a trav\u00e9s de tutelas, los Decretos mediante los cuales la Alcald\u00eda de Cartagena suprimi\u00f3 varias rutas de buses del transporte colectivo de la ciudad por la entrada en operaci\u00f3n del sistema de transporte masivo.<\/p>\n<p>Manifest\u00f3 que con estas acciones judiciales se busca impedir la entrada en funcionamiento de Transcaribe, prevista para el pr\u00f3ximo 11 de noviembre.<\/p>\n<p>Coronado Yances dijo que los tutelantes argumentan presuntas violaciones al debido proceso al expedir el Distrito de Cartagena Decretos suprimiendo nueve rutas, que cubr\u00edan diferentes sectores de la ciudad.<\/p>\n<p>Record\u00f3 que recientemente el Alcalde Mayor de Cartagena, Dionisio V\u00e9lez Trujillo, elimin\u00f3 todas esas rutas, las cuales van a dejar de operar una vez entre en funcionamiento el Sistema Integrado de Transporte Masivo, SITM.<\/p>\n<p>Se\u00f1al\u00f3 que la supresi\u00f3n de esas rutas urbanas se ir\u00e1 haciendo gradualmente, en la medida en que vayan incorpor\u00e1ndose al servicio los nuevos buses de Transcaribe.<\/p>\n<p>El gente de Transcaribe manifest\u00f3 que la vinculaci\u00f3n de un veh\u00edculo a una empresa tiene dos etapas: la primera es la formalizaci\u00f3n por medio del contrato de vinculaci\u00f3n y la segunda es la oficializaci\u00f3n por medio de la expedici\u00f3n de la tarjeta de operaci\u00f3n.<\/p>\n<p>De acuerdo con el Consejo de Estado, la tarjeta de operaci\u00f3n es el acto de autorizaci\u00f3n que emiten las autoridades competentes para que los automotores puedan rodar por las calles y carreteras del pa\u00eds como veh\u00edculos de transporte p\u00fablico, tras comprobarse su aptitud e idoneidad para asegurar la adecuada prestaci\u00f3n del servicio.<\/p>\n<p>La tarjeta de operaci\u00f3n se entiende como una autorizaci\u00f3n para que los veh\u00edculos puedan circular por las calles como veh\u00edculos de transporte p\u00fablico, como mecanismo de control y vigilancia para comprobar las aptitudes e idoneidad de los equipos para asegurar la adecuada prestaci\u00f3n del servicio, pero en s\u00ed misma no constituye habilitaci\u00f3n para prestar el servicio.<\/p>\n<p>De ah\u00ed que revocando las rutas, consecuencialmente se produce la revocaci\u00f3n de la tarjeta de operaci\u00f3n porque est\u00e1 determinada por la existencia de habilitaci\u00f3n de rutas, a\u00f1adi\u00f3 el gerente de Transcaribe.<\/p>\n<p>Puntualiz\u00f3 que la actitud de los demandantes es ego\u00edsta y poco solidaria con la ciudad y tambi\u00e9n corresponde al desespero para que no entre en funcionamiento el SITM el pr\u00f3ximo 11 de Noviembre.<\/p>\n","protected":false},"excerpt":{"rendered":"<p>El gerente de Transcaribe, Carlos Coronado Yances, rechaz\u00f3 el intento de algunos transportadores y empresas del sector de tumbar a trav\u00e9s de tutelas, los Decretos mediante los cuales la Alcald\u00eda de Cartagena suprimi\u00f3 varias rutas de buses del transporte colectivo de la ciudad por la entrada en operaci\u00f3n del sistema de transporte masivo. Manifest\u00f3 que con estas acciones judiciales se busca impedir la entrada en funcionamiento de Transcaribe, prevista para el pr\u00f3ximo 11 de noviembre. Coronado Yances dijo que los tutelantes argumentan presuntas violaciones al debido proceso al expedir el&#8230; <\/p>\n","protected":false},"author":3,"featured_media":8836,"comment_status":"open","ping_status":"closed","sticky":false,"template":"","format":"standard","meta":{"footnotes":"","_links_to":"","_links_to_target":""},"categories":[2,32],"tags":[],"class_list":["post-8835","post","type-post","status-publish","format-standard","has-post-thumbnail","hentry","category-actualidad","category-actualidad-distrito"],"_links":{"self":[{"href":"https:\/\/revistazetta.com\/index.php?rest_route=\/wp\/v2\/posts\/8835","targetHints":{"allow":["GET"]}}],"collection":[{"href":"https:\/\/revistazetta.com\/index.php?rest_route=\/wp\/v2\/posts"}],"about":[{"href":"https:\/\/revistazetta.com\/index.php?rest_route=\/wp\/v2\/types\/post"}],"author":[{"embeddable":true,"href":"https:\/\/revistazetta.com\/index.php?rest_route=\/wp\/v2\/users\/3"}],"replies":[{"embeddable":true,"href":"https:\/\/revistazetta.com\/index.php?rest_route=%2Fwp%2Fv2%2Fcomments&post=8835"}],"version-history":[{"count":0,"href":"https:\/\/revistazetta.com\/index.php?rest_route=\/wp\/v2\/posts\/8835\/revisions"}],"wp:featuredmedia":[{"embeddable":true,"href":"https:\/\/revistazetta.com\/index.php?rest_route=\/wp\/v2\/media\/8836"}],"wp:attachment":[{"href":"https:\/\/revistazetta.com\/index.php?rest_route=%2Fwp%2Fv2%2Fmedia&parent=8835"}],"wp:term":[{"taxonomy":"category","embeddable":true,"href":"https:\/\/revistazetta.com\/index.php?rest_route=%2Fwp%2Fv2%2Fcategories&post=8835"},{"taxonomy":"post_tag","embeddable":true,"href":"https:\/\/revistazetta.com\/index.php?rest_route=%2Fwp%2Fv2%2Ftags&post=8835"}],"curies":[{"name":"wp","href":"https:\/\/api.w.org\/{rel}","templated":true}]}}