{"id":8837,"date":"2015-09-16T07:24:40","date_gmt":"2015-09-16T12:24:40","guid":{"rendered":"http:\/\/www.revistazetta.com\/?p=8837"},"modified":"2015-09-16T07:24:40","modified_gmt":"2015-09-16T12:24:40","slug":"via-canaveral-turbaco-estrena-7-kilometros","status":"publish","type":"post","link":"https:\/\/revistazetta.com\/?p=8837","title":{"rendered":"V\u00eda Ca\u00f1averal \u2013 Turbaco estrena 7 kil\u00f3metros"},"content":{"rendered":"<p>Con una inversi\u00f3n cercana a $2.250 millones, la Gobernaci\u00f3n de Bol\u00edvar entreg\u00f3 7 kil\u00f3metros de la v\u00eda Ca\u00f1averal-Turbaco.<\/p>\n<p>Seg\u00fan la secretaria de Infraestructura, Dora Carmona Barroso, en esta v\u00eda se realizaron trabajos de mejoramiento, mantenimiento y rehabilitaci\u00f3n; favoreciendo con ello el tr\u00e1fico vehicular para el trasporte de los pobladores y de sus productos.<\/p>\n<p>Esta obra hace parte de un proyecto denominado \u2018Seis V\u00edas\u2019, que permiti\u00f3 habilitar cinco m\u00e1s, con las cuales se busca articular redes primarias nacionales y ampliar las potencialidades de desarrollo agr\u00edcola y pecuario de municipios, corregimientos y veredas de la Zona del Dique y de los Montes de Mar\u00eda. Todas estas carreteras est\u00e1n terminadas y esperan una fecha en la agenda para su entrega.<\/p>\n<p>Estas otras v\u00edas son: los 7 kil\u00f3metros de El Carmen \u2013 El Bledo (Municipio de El Carmen de Bol\u00edvar) con una inversi\u00f3n de 1.800 millones de pesos, 6,3 kil\u00f3metros de la v\u00eda Mala noche \u2013 Altamira (Municipio de El Carmen de Bol\u00edvar) con una inversi\u00f3n de 2.250 millones de pesos; 8,2 kil\u00f3metros de la V\u00eda Arroyohondo \u2013 Venturilla (Zona de La L\u00ednea en el Municipio de Arroyohondo) con una inversi\u00f3n de $1.372 millones; los 2,5 kil\u00f3metros de la V\u00eda Mar\u00eda la Baja \u2013 Santo Domingo de Mesa (Municipio de Mar\u00eda la Baja) con un costo de $900 millones y los 6 kil\u00f3metros entre la Troncal Matuya \u2013 Santa Fe de Hicotea (Municipio de Marialabaja) por $900 millones.<\/p>\n<p>\u201cSon seis v\u00edas que alguna vez existieron y funcionaron debidamente, pero que por d\u00e9cadas de abandono se convirtieron en caminos de herradura, completamente intransitables, afectando directamente a las comunidades de Turbaco y Arroyo Hondo en el Dique, y a Marialabaja y El Carmen de Bol\u00edvar en los Montes de Mar\u00eda\u201d, dijo Dora Carmona Barroso, secretaria de Infraestructura.<\/p>\n<p>La funcionaria agreg\u00f3 que en total son 42 kil\u00f3metros, que gracias al convenio ejecutado con INVIAS, se convierten en\u00a0 oportunidades de crecimiento, integraci\u00f3n y de prosperidad para miles de familias.<\/p>\n<p>Dora Carmona explic\u00f3 que la v\u00eda Ca\u00f1averal \u2013 Turbaco tiene un ancho de 6 mts y se trabaj\u00f3 en Pavimento Asf\u00e1ltico.<\/p>\n<p>Al respecto, el gobernador Juan Carlos Gossa\u00edn expres\u00f3 que a corte del primer semestre de 2015, las inversiones en nuevas v\u00edas, mejoramiento y adecuaci\u00f3n de otras, superan los $ 333.176 millones, lo que afirma ha permitido la construcci\u00f3n de 474 kil\u00f3metros de carreteras.<\/p>\n<p>\u00abVer una comunidad contenta y agradecida es una recompensa para una obra que se entrega desde el nivel departamental. Hoy Ca\u00f1averal, corregimiento de Turbaco se siente agradecido porque le cumplimos un sue\u00f1o que les va a generar bienestar. Ya no tendr\u00e1n que salir a las calles a reclamar ni a quemar llantas por el mal estado de su v\u00eda. Hoy estamos entregando 7 kil\u00f3metros de desarrollo, de prosperidad y de mayor cercan\u00eda con el nuevo Centro Administrativo de la Gobernaci\u00f3n de Bol\u00edvar que quedar\u00e1 en Turbaco y est\u00e1 previsto inaugurar en diciembre. Pasar\u00e1n de ser un corregimiento aislado a ser pr\u00e1cticamente vecinos de la nueva sede de la Gobernaci\u00f3n\u00bb, dijo Juan Carlos Gossa\u00edn.<\/p>\n","protected":false},"excerpt":{"rendered":"<p>Con una inversi\u00f3n cercana a $2.250 millones, la Gobernaci\u00f3n de Bol\u00edvar entreg\u00f3 7 kil\u00f3metros de la v\u00eda Ca\u00f1averal-Turbaco. Seg\u00fan la secretaria de Infraestructura, Dora Carmona Barroso, en esta v\u00eda se realizaron trabajos de mejoramiento, mantenimiento y rehabilitaci\u00f3n; favoreciendo con ello el tr\u00e1fico vehicular para el trasporte de los pobladores y de sus productos. Esta obra hace parte de un proyecto denominado \u2018Seis V\u00edas\u2019, que permiti\u00f3 habilitar cinco m\u00e1s, con las cuales se busca articular redes primarias nacionales y ampliar las potencialidades de desarrollo agr\u00edcola y pecuario de municipios, corregimientos y&#8230; <\/p>\n","protected":false},"author":3,"featured_media":0,"comment_status":"open","ping_status":"closed","sticky":false,"template":"","format":"standard","meta":{"footnotes":"","_links_to":"","_links_to_target":""},"categories":[2,33],"tags":[],"class_list":["post-8837","post","type-post","status-publish","format-standard","hentry","category-actualidad","category-actualidad-bolivar"],"_links":{"self":[{"href":"https:\/\/revistazetta.com\/index.php?rest_route=\/wp\/v2\/posts\/8837","targetHints":{"allow":["GET"]}}],"collection":[{"href":"https:\/\/revistazetta.com\/index.php?rest_route=\/wp\/v2\/posts"}],"about":[{"href":"https:\/\/revistazetta.com\/index.php?rest_route=\/wp\/v2\/types\/post"}],"author":[{"embeddable":true,"href":"https:\/\/revistazetta.com\/index.php?rest_route=\/wp\/v2\/users\/3"}],"replies":[{"embeddable":true,"href":"https:\/\/revistazetta.com\/index.php?rest_route=%2Fwp%2Fv2%2Fcomments&post=8837"}],"version-history":[{"count":0,"href":"https:\/\/revistazetta.com\/index.php?rest_route=\/wp\/v2\/posts\/8837\/revisions"}],"wp:attachment":[{"href":"https:\/\/revistazetta.com\/index.php?rest_route=%2Fwp%2Fv2%2Fmedia&parent=8837"}],"wp:term":[{"taxonomy":"category","embeddable":true,"href":"https:\/\/revistazetta.com\/index.php?rest_route=%2Fwp%2Fv2%2Fcategories&post=8837"},{"taxonomy":"post_tag","embeddable":true,"href":"https:\/\/revistazetta.com\/index.php?rest_route=%2Fwp%2Fv2%2Ftags&post=8837"}],"curies":[{"name":"wp","href":"https:\/\/api.w.org\/{rel}","templated":true}]}}