{"id":8839,"date":"2015-09-16T07:26:28","date_gmt":"2015-09-16T12:26:28","guid":{"rendered":"http:\/\/www.revistazetta.com\/?p=8839"},"modified":"2015-09-16T07:26:28","modified_gmt":"2015-09-16T12:26:28","slug":"manuel-vicente-duque-propone-agenda-urbana-para-cartagena","status":"publish","type":"post","link":"https:\/\/revistazetta.com\/?p=8839","title":{"rendered":"Manuel Vicente Duque propone agenda urbana para Cartagena"},"content":{"rendered":"<p>Con la participaci\u00f3n de los Doctores en Urbanismo, Maruja Redondo G\u00f3mez (Colombia) y Sergio Padilla Galicia (M\u00e9xico), el candidato a la Alcald\u00eda de Cartagena por el Movimiento Ciudadano \u201cPrimero la Gente\u201d, \u00a0disert\u00f3 sobre los \u201cRetos y Potencialidades de Cartagena de Indias: Apuntes para una agenda urbana en la gesti\u00f3n distrital 2016-2019\u201d, \u00a0foro que realizado en el Hotel Almirante Cartagena Estelar.<\/p>\n<p>Ante la presencia de profesionales cartageneros de todas las a\u00e9reas, Manuel Vicente Duque, expuso su experiencia profesional al servicio de la gente, cont\u00f3 su propia historia. La historia de un periodista social egresado de la \u00a0Universidad Externado de Colombia, que \u00a0por m\u00e1s de 20 a\u00f1os \u00a0le ha cumplido a los cartageneros \u00a0y est\u00e1 comprometido con poner primero a la gente.<\/p>\n<p>En esta ocasi\u00f3n, el candidato estuvo acompa\u00f1ado por Maruja Redondo G\u00f3mez, Arquitecta, Especialista en Ordenaci\u00f3n del Territorio, Maestra en Urbanismo, \u00a0Doctora en Urbanismo y autora del libro \u201cCartagena de Indias. Cinco siglos de evoluci\u00f3n urban\u00edstica\u201d; y del Ingeniero y Arquitecto mexicano, Sergio Padilla Galicia, Coordinador de la Licenciatura en Arquitectura Universidad Aut\u00f3noma Metropolitana-Azcapotzalco y Especialista en Ordenaci\u00f3n del Territorio.<\/p>\n<p>En el marco del \u00a0evento, \u00a0Manolo Duque present\u00f3 el grupo de profesionales que lo \u00a0han acompa\u00f1ando en la construcci\u00f3n de su programa de gobierno, y en la formulaci\u00f3n de acciones claves para lograr una Cartagena m\u00e1s igualitaria e incluyente. M\u00e1s de 50 profesionales que \u00a0trabajan hombro a hombro, \u00a0hombres y mujeres que tienen claro que con Manuel Vicente Duque, es posible la verdadera participaci\u00f3n, \u00a0y que el Movimiento Ciudadano, Primero la Gente, es un espacio donde se respetan los criterios profesionales, se valoran las experiencias y se concilian las divergencias, a favor de alcanzar la Cartagena que necesita la gente.<\/p>\n<p>\u201cNuestro mayor inter\u00e9s es construir un futuro mejor con la gente, lograr una Cartagena m\u00e1s igualitaria e incluyente, por eso creamos este Movimiento Ciudadano, Primero la Gente, que nada se parece a los partidos pol\u00edticos que nos han quedado mal. Un movimiento conformado por gente y que trabaja por la gente. Desde los inicios de mi campa\u00f1a, he estado acompa\u00f1ado por un equipo de trabajo multidisciplinar que d\u00eda a d\u00eda trabaja por el fortalecimiento de los postulados del mismo y del programa de gobierno, el cual \u00a0ha sido calificado como uno de los mejores, seg\u00fan empresarios y acad\u00e9micos de la ciudad\u201d, argument\u00f3 Duque.<\/p>\n<p>Manuel Vicente Duque extendi\u00f3 la invitaci\u00f3n a los profesionales asistentes para poner su conocimiento y experiencia al servicio de Cartagena. \u00a0\u201cEn \u2018Primero la Gente\u2019 reconocemos el potencial y la calidad que tienen nuestros profesionales, por eso creemos que es necesario comenzar a generar una agenda de trabajo que permita poner todo ese conocimiento y experiencia para impulsar el desarrollo de nuestro Corralito de Piedra\u201d, \u00a0afirm\u00f3 el aspirante a la Alcald\u00eda de Cartagena.<\/p>\n","protected":false},"excerpt":{"rendered":"<p>Con la participaci\u00f3n de los Doctores en Urbanismo, Maruja Redondo G\u00f3mez (Colombia) y Sergio Padilla Galicia (M\u00e9xico), el candidato a la Alcald\u00eda de Cartagena por el Movimiento Ciudadano \u201cPrimero la Gente\u201d, \u00a0disert\u00f3 sobre los \u201cRetos y Potencialidades de Cartagena de Indias: Apuntes para una agenda urbana en la gesti\u00f3n distrital 2016-2019\u201d, \u00a0foro que realizado en el Hotel Almirante Cartagena Estelar. Ante la presencia de profesionales cartageneros de todas las a\u00e9reas, Manuel Vicente Duque, expuso su experiencia profesional al servicio de la gente, cont\u00f3 su propia historia. La historia de un&#8230; <\/p>\n","protected":false},"author":3,"featured_media":8840,"comment_status":"open","ping_status":"closed","sticky":false,"template":"","format":"standard","meta":{"footnotes":"","_links_to":"","_links_to_target":""},"categories":[26,4],"tags":[],"class_list":["post-8839","post","type-post","status-publish","format-standard","has-post-thumbnail","hentry","category-politica-noticias","category-politica"],"_links":{"self":[{"href":"https:\/\/revistazetta.com\/index.php?rest_route=\/wp\/v2\/posts\/8839","targetHints":{"allow":["GET"]}}],"collection":[{"href":"https:\/\/revistazetta.com\/index.php?rest_route=\/wp\/v2\/posts"}],"about":[{"href":"https:\/\/revistazetta.com\/index.php?rest_route=\/wp\/v2\/types\/post"}],"author":[{"embeddable":true,"href":"https:\/\/revistazetta.com\/index.php?rest_route=\/wp\/v2\/users\/3"}],"replies":[{"embeddable":true,"href":"https:\/\/revistazetta.com\/index.php?rest_route=%2Fwp%2Fv2%2Fcomments&post=8839"}],"version-history":[{"count":0,"href":"https:\/\/revistazetta.com\/index.php?rest_route=\/wp\/v2\/posts\/8839\/revisions"}],"wp:featuredmedia":[{"embeddable":true,"href":"https:\/\/revistazetta.com\/index.php?rest_route=\/wp\/v2\/media\/8840"}],"wp:attachment":[{"href":"https:\/\/revistazetta.com\/index.php?rest_route=%2Fwp%2Fv2%2Fmedia&parent=8839"}],"wp:term":[{"taxonomy":"category","embeddable":true,"href":"https:\/\/revistazetta.com\/index.php?rest_route=%2Fwp%2Fv2%2Fcategories&post=8839"},{"taxonomy":"post_tag","embeddable":true,"href":"https:\/\/revistazetta.com\/index.php?rest_route=%2Fwp%2Fv2%2Ftags&post=8839"}],"curies":[{"name":"wp","href":"https:\/\/api.w.org\/{rel}","templated":true}]}}