{"id":8842,"date":"2015-09-16T07:31:32","date_gmt":"2015-09-16T12:31:32","guid":{"rendered":"http:\/\/www.revistazetta.com\/?p=8842"},"modified":"2015-09-16T07:31:32","modified_gmt":"2015-09-16T12:31:32","slug":"orbita-politica-de-john-zamora-miercoles-16-de-septiembre","status":"publish","type":"post","link":"https:\/\/revistazetta.com\/?p=8842","title":{"rendered":"\u00d3rbita Pol\u00edtica de John Zamora \u2013 mi\u00e9rcoles 16 de septiembre"},"content":{"rendered":"<p><strong>Renunci\u00f3 presentadora de Betancourt<\/strong><\/p>\n<p>Uno de los nuevos talentos del periodismo cartagenero es Katherine Mart\u00edn, quien se ven\u00eda desempe\u00f1ando como presentadora de los informativos de la campa\u00f1a de Andr\u00e9s Betancourt a la Alcald\u00eda. Sorprendi\u00f3 su renuncia a este espacio y a \u201cseguir siendo la imagen de una campa\u00f1a en la que priman los intereses propios\u201d. Esto public\u00f3 en su cuenta de Facebook:<\/p>\n<p>\u201cHe tomado la decisi\u00f3n de no presentar m\u00e1s el Informativo Cartagena Confirma, un producto audiovisual de la campa\u00f1a a la Alcald\u00eda de Cartagena del candidato Andr\u00e9s Betancourt. Hago esto porque no puedo seguir siendo la imagen de una campa\u00f1a en la que priman los intereses propios y porque no quiero que mi ciudad sea gobernada de la misma manera. Mis principios son primero y hoy puedo decir que me entristecen las opciones que tenemos los cartageneros el pr\u00f3ximo 25 de octubre. Aclaro que mi decisi\u00f3n es independiente del lugar donde trabajo\u201d.<\/p>\n<p>&nbsp;<\/p>\n<p><strong>Cartagena merece m\u00e1s seguridad<\/strong><\/p>\n<p>En el taller organizado por la Polic\u00eda Nacional, el candidato a la Alcald\u00eda de Cartagena por el partido Alianza\u00a0 Verde, Fabio Castellanos Herrera, \u00a0dijo que \u00abla inseguridad de Cartagena no se resuelve con el s\u00f3lo incremento del pie de fuerza, las condiciones de pobreza y de miseria de Cartagena obligan a cambiar el concepto del modelo de desarrollo\u201d, y enseguida aprovech\u00f3 para atacar al actual gobierno: \u201cpor ello no repetiremos la mediocre gesti\u00f3n del Gobierno de V\u00e9lez\u201d.<\/p>\n<p>Durante el taller, el candidato resalt\u00f3 que se eliminar\u00e1n las burocr\u00e1ticas entidades como Distriseguridad, que gastan su presupuesto en solo contratos de prestaci\u00f3n de servicios. \u201cFortaleceremos el apoyo con estos recursos la lucha contra el crimen, pero tambi\u00e9n exigiremos m\u00e1s eficacia y eficiencia de la Polic\u00eda en su labor\u201d.<\/p>\n<p>&nbsp;<\/p>\n<p><strong>U\u00f1as por firmas<\/strong><\/p>\n<p>Poco o nada de u\u00f1as quedan en las huestes de William Garc\u00eda Tirado y Manuel Vicente Duque por cuenta del rechazo de las firmas presentadas para JAL, lo que ser\u00e1 recurrido jur\u00eddicamente ante la autoridad electoral. A ellos se une Rosario Ricardo, pues ninguno de los tres tiene a\u00fan avaladas las firmas que presentaron para aspirar a Alcald\u00eda y Gobernaci\u00f3n, respectivamente.<\/p>\n","protected":false},"excerpt":{"rendered":"<p>Renunci\u00f3 presentadora de Betancourt Uno de los nuevos talentos del periodismo cartagenero es Katherine Mart\u00edn, quien se ven\u00eda desempe\u00f1ando como presentadora de los informativos de la campa\u00f1a de Andr\u00e9s Betancourt a la Alcald\u00eda. Sorprendi\u00f3 su renuncia a este espacio y a \u201cseguir siendo la imagen de una campa\u00f1a en la que priman los intereses propios\u201d. Esto public\u00f3 en su cuenta de Facebook: \u201cHe tomado la decisi\u00f3n de no presentar m\u00e1s el Informativo Cartagena Confirma, un producto audiovisual de la campa\u00f1a a la Alcald\u00eda de Cartagena del candidato Andr\u00e9s Betancourt. Hago&#8230; <\/p>\n","protected":false},"author":3,"featured_media":8830,"comment_status":"open","ping_status":"closed","sticky":false,"template":"","format":"standard","meta":{"footnotes":"","_links_to":"","_links_to_target":""},"categories":[47,45],"tags":[],"class_list":["post-8842","post","type-post","status-publish","format-standard","has-post-thumbnail","hentry","category-john-zamora","category-orbita"],"_links":{"self":[{"href":"https:\/\/revistazetta.com\/index.php?rest_route=\/wp\/v2\/posts\/8842","targetHints":{"allow":["GET"]}}],"collection":[{"href":"https:\/\/revistazetta.com\/index.php?rest_route=\/wp\/v2\/posts"}],"about":[{"href":"https:\/\/revistazetta.com\/index.php?rest_route=\/wp\/v2\/types\/post"}],"author":[{"embeddable":true,"href":"https:\/\/revistazetta.com\/index.php?rest_route=\/wp\/v2\/users\/3"}],"replies":[{"embeddable":true,"href":"https:\/\/revistazetta.com\/index.php?rest_route=%2Fwp%2Fv2%2Fcomments&post=8842"}],"version-history":[{"count":0,"href":"https:\/\/revistazetta.com\/index.php?rest_route=\/wp\/v2\/posts\/8842\/revisions"}],"wp:featuredmedia":[{"embeddable":true,"href":"https:\/\/revistazetta.com\/index.php?rest_route=\/wp\/v2\/media\/8830"}],"wp:attachment":[{"href":"https:\/\/revistazetta.com\/index.php?rest_route=%2Fwp%2Fv2%2Fmedia&parent=8842"}],"wp:term":[{"taxonomy":"category","embeddable":true,"href":"https:\/\/revistazetta.com\/index.php?rest_route=%2Fwp%2Fv2%2Fcategories&post=8842"},{"taxonomy":"post_tag","embeddable":true,"href":"https:\/\/revistazetta.com\/index.php?rest_route=%2Fwp%2Fv2%2Ftags&post=8842"}],"curies":[{"name":"wp","href":"https:\/\/api.w.org\/{rel}","templated":true}]}}