{"id":8846,"date":"2015-09-16T16:45:38","date_gmt":"2015-09-16T21:45:38","guid":{"rendered":"http:\/\/www.revistazetta.com\/?p=8846"},"modified":"2015-09-16T16:45:38","modified_gmt":"2015-09-16T21:45:38","slug":"registraduria-rechazo-firmas-de-manolo-y-lo-saco-de-la-contienda","status":"publish","type":"post","link":"https:\/\/revistazetta.com\/?p=8846","title":{"rendered":"Registradur\u00eda rechaz\u00f3 firmas de Manolo y lo sac\u00f3 de la contienda"},"content":{"rendered":"<p>Un terremoto pol\u00edtico sacudi\u00f3 este mi\u00e9rcoles a Cartagena al conocerse que Manuel Vicente Duque de Jes\u00fas no podr\u00e1 ser candidato a la Alcald\u00eda debido a que la Registradur\u00eda Nacional del Estado Civil encontr\u00f3 que las firmas recaudadas por el Movimiento Primero la Gente no fueron suficientes para avalarle.<\/p>\n<p>\u201cLas firmas que son rechazadas por lo general son aquellas que no pertenecen al censo electoral del Distrito, c\u00e9dulas que no existen, nombres falsos, y otras irregularidades por las cuales son anuladas\u201d, declar\u00f3 a la prensa la Delegada Departamental, Patricia Jim\u00e9nez.<\/p>\n<p>Al conocerse en la ma\u00f1ana de este mi\u00e9rcoles el pantallazo de la p\u00e1gina de la Registradur\u00eda que colocaba una equis roja a la casilla de Primero la Gente a la Alcald\u00eda, se decret\u00f3 un acuertelamiento de primer grado en la campa\u00f1a de Manolo Duque, se cancel\u00f3 toda la agenda y se expidi\u00f3 un comunicado, en el que expresa que \u201csabemos que hay un error\u201d e invita a un gran encuentro de rechazo a las mafias pol\u00edticas.<\/p>\n<p>Entre tanto, la Registradora en Bol\u00edvar Patricia Jim\u00e9nez se\u00f1al\u00f3 que el respaldo del partido MAIS tampoco sirve como aval a Manolo porque fue protocolario y pol\u00edtico.<\/p>\n<p>Manolo tiene derecho a apelar esta decisi\u00f3n una vez sea notificado por la Registradur\u00eda.<\/p>\n<p>Primero la Gente recolect\u00f3 m\u00e1s de 260 mil firmas y sus directivos no se explican c\u00f3mo la Registradur\u00eda aduce que no se lleg\u00f3 al m\u00ednimo de 50 mil firmas.<\/p>\n<p>Por su parte, la campa\u00f1a de William Garc\u00eda Tirado tambi\u00e9n exterioriz\u00f3 su preocupaci\u00f3n pues es el \u00fanico movimiento por firmas en Cartagena al que falta conocer si son aceptadas o rechazadas sus firmas.<\/p>\n<p>&nbsp;<\/p>\n<p><strong>Este es el comunicado de la Campa\u00f1a de Manolo Duque<\/strong><\/p>\n<p><em>SIGUE PRIMERO LA GENTE<\/em><\/p>\n<p><em>\u201cLa ciudad entera sabe que hay intereses pol\u00edticos de por medio, que no quieren ver a Manolo gobernando para la gente. Son los mismos que celebran cuando ven que el pueblo pierde, porque ellos ganan. Sabemos que hay un error y esperamos que se revise la decisi\u00f3n. La campa\u00f1a sigue\u201d<\/em><em>, afirm<\/em><em>\u00f3 <\/em><em>Manuel Vicente Duque.<\/em><\/p>\n<p><em>Esta noche el Movimiento Ciudadano \u201cPrimero la Gente\u201d va a hacer un Gran Encuentro con la Gente. \u201cVamos a demostrarle al pa\u00eds que la gente de Cartagena no quiere ver a las mafias pol\u00edticas en la ciudad\u201d<\/em><em>, puntualiz<\/em><em>\u00f3 <\/em><em>el candidato Manuel Vicente Duque.<\/em><\/p>\n<p><em>Para m\u00e1s informaci\u00f3n:<\/em><\/p>\n<p><em>Oficina de Comunicaciones y Asuntos P\u00fablicos<\/em><\/p>\n<p><em>comunicacionesmanoloduque@gmail.com<\/em><\/p>\n<p>&nbsp;<\/p>\n","protected":false},"excerpt":{"rendered":"<p>Un terremoto pol\u00edtico sacudi\u00f3 este mi\u00e9rcoles a Cartagena al conocerse que Manuel Vicente Duque de Jes\u00fas no podr\u00e1 ser candidato a la Alcald\u00eda debido a que la Registradur\u00eda Nacional del Estado Civil encontr\u00f3 que las firmas recaudadas por el Movimiento Primero la Gente no fueron suficientes para avalarle. \u201cLas firmas que son rechazadas por lo general son aquellas que no pertenecen al censo electoral del Distrito, c\u00e9dulas que no existen, nombres falsos, y otras irregularidades por las cuales son anuladas\u201d, declar\u00f3 a la prensa la Delegada Departamental, Patricia Jim\u00e9nez. Al&#8230; <\/p>\n","protected":false},"author":3,"featured_media":8847,"comment_status":"open","ping_status":"closed","sticky":false,"template":"","format":"standard","meta":{"footnotes":"","_links_to":"","_links_to_target":""},"categories":[26,4],"tags":[],"class_list":["post-8846","post","type-post","status-publish","format-standard","has-post-thumbnail","hentry","category-politica-noticias","category-politica"],"_links":{"self":[{"href":"https:\/\/revistazetta.com\/index.php?rest_route=\/wp\/v2\/posts\/8846","targetHints":{"allow":["GET"]}}],"collection":[{"href":"https:\/\/revistazetta.com\/index.php?rest_route=\/wp\/v2\/posts"}],"about":[{"href":"https:\/\/revistazetta.com\/index.php?rest_route=\/wp\/v2\/types\/post"}],"author":[{"embeddable":true,"href":"https:\/\/revistazetta.com\/index.php?rest_route=\/wp\/v2\/users\/3"}],"replies":[{"embeddable":true,"href":"https:\/\/revistazetta.com\/index.php?rest_route=%2Fwp%2Fv2%2Fcomments&post=8846"}],"version-history":[{"count":0,"href":"https:\/\/revistazetta.com\/index.php?rest_route=\/wp\/v2\/posts\/8846\/revisions"}],"wp:featuredmedia":[{"embeddable":true,"href":"https:\/\/revistazetta.com\/index.php?rest_route=\/wp\/v2\/media\/8847"}],"wp:attachment":[{"href":"https:\/\/revistazetta.com\/index.php?rest_route=%2Fwp%2Fv2%2Fmedia&parent=8846"}],"wp:term":[{"taxonomy":"category","embeddable":true,"href":"https:\/\/revistazetta.com\/index.php?rest_route=%2Fwp%2Fv2%2Fcategories&post=8846"},{"taxonomy":"post_tag","embeddable":true,"href":"https:\/\/revistazetta.com\/index.php?rest_route=%2Fwp%2Fv2%2Ftags&post=8846"}],"curies":[{"name":"wp","href":"https:\/\/api.w.org\/{rel}","templated":true}]}}