{"id":8849,"date":"2015-09-16T16:47:34","date_gmt":"2015-09-16T21:47:34","guid":{"rendered":"http:\/\/www.revistazetta.com\/?p=8849"},"modified":"2015-09-16T16:47:34","modified_gmt":"2015-09-16T21:47:34","slug":"manolo-y-lo-inesperado","status":"publish","type":"post","link":"https:\/\/revistazetta.com\/?p=8849","title":{"rendered":"Manolo y lo inesperado"},"content":{"rendered":"<p>An\u00e1lisis de\u00a0John Zamora.- Director de Revista Zetta.- En febrero pasado nadie, ni siquiera Manolo, sab\u00eda que iba a ser candidato a la Alcald\u00eda, y en marzo pas\u00f3 lo inesperado: habemus candidatus.<\/p>\n<p>Y ahora que est\u00e1 \u201crankeado\u201d como uno de los favoritos, sucede algo tambi\u00e9n inesperado: el rechazo de la Registradur\u00eda a sus firmas por insuficientes.<\/p>\n<p>Aunque la campa\u00f1a considera que \u201chay un error\u201d y que la Registradur\u00eda debe rectificar, lo cierto es que de momento la candidatura est\u00e1 sepultada.<\/p>\n<p>Rumores se conoc\u00edan desde la semana pasada sobre una decisi\u00f3n que dejar\u00eda a Manuel Vicente fuera de la contienda, y eran explicables en raz\u00f3n del crecimiento de su nombre en las encuestas y el arraigo popular de su imagen.<\/p>\n<p>El domingo pasado en la ma\u00f1ana, recib\u00ed una llamada de alguien muy metido de lleno en la pol\u00edtica y me dijo que averiguara en la Registradur\u00eda porque lo de Manolo se iba a caer. Hoy me volvi\u00f3 a llamar y le dije: \u201cMago de Oz, qu\u00e9 come que adivina\u201d. Tal cual.<\/p>\n<p>Al margen de la suspicacia que genera la decisi\u00f3n, y con el dolor de ver frustrada esta aspiraci\u00f3n tanto para Manolo, su familia y seguidores, es un hecho cierto, con consecuencias pol\u00edticas muy duras.<\/p>\n<p>Esa equis roja en la casilla de Primero la Gente en la p\u00e1gina de la Registradur\u00eda es una estocada mortal. En lo jur\u00eddico lo deja fuera. Y as\u00ed se resolviese \u2013no se sabe si en un d\u00eda o en un mes- en lo pol\u00edtico queda muy maltrecho porque no hay certeza y nadie se embarca en un proyecto con este gran signo de interrogaci\u00f3n.<\/p>\n<p>A los aliados que se han venido sumando les quedan otras ocho opciones (siete candidatos y voto en blanco) para tomar camino. A los Manolistas puros les queda esperar una hipot\u00e9tica aunque lejana rectificaci\u00f3n de la Registradur\u00eda.<\/p>\n<p>Sin embargo, no se trata de un cierre y hasta luego. No. Manuel Vicente Duque es una realidad pol\u00edtica de este momento y la decisi\u00f3n que tome de apoyar a otra candidatura tendr\u00e1 peso y podr\u00eda inclinar la balanza. Esa foto de Manolo alz\u00e1ndole el brazo a (espacio en blanco) vale un Potos\u00ed.<\/p>\n<p>Dado que el favoritismo en las encuestas lo ven\u00eda disputando con Quinto Guerra, y las acentuadas cr\u00edticas mutuas de los \u00faltimos d\u00edas, es poco probable que Manolo le alce el brazo al candidato de las Soluciones Serias.<\/p>\n<p>Adem\u00e1s, muchos dirigentes de la clase pol\u00edtica estaban con Manolo solo por el hecho de no querer nada que oliera a Quinto, y seguir\u00e1n buscando su contrapeso con tal de no verlo despachar desde el Palacio de la Aduana.<\/p>\n<p>As\u00ed las cosas, lo que se frotan las manos son, en su orden, Andr\u00e9s Betancourt, William Garc\u00eda y Gina Benedetti. Esa foto con Manolo ser\u00eda el envi\u00f3n que se necesita para derrotar a Quinto Guerra.<\/p>\n<p>Por eso queda en el ambiente esta pregunta: \u00bfQu\u00e9 tanto gana o qu\u00e9 tanto se complica Quinto con el retiro de Manolo?<\/p>\n<p>Gana en la medida en que se quita a su m\u00e1s cercano rival, y a 40 d\u00edas de las elecciones eso es mucha ventaja. Gana tambi\u00e9n Quinto en la medida en que el \u201cmanolismo\u201d apenas estaba en formaci\u00f3n y sin su l\u00edder en la contienda, es un enigma si sigue cohesionado o se atomiza. Pero se complica en la medida en que se haga efectivo un \u201cendoso\u201d de fuerzas de Manolo hacia otra candidatura.<\/p>\n<p>Unos prontos canales de comunicaci\u00f3n deben tender aquellas campa\u00f1as que deseen capitalizar el favor de Manolo.<\/p>\n<p>La Registradur\u00eda dej\u00f3 a Manolo sin la opci\u00f3n de ser Alcalde, pero no le quit\u00f3 la opci\u00f3n de incidir determinantemente en el resultado final. Y eso tambi\u00e9n es algo inesperado.<\/p>\n","protected":false},"excerpt":{"rendered":"<p>An\u00e1lisis de\u00a0John Zamora.- Director de Revista Zetta.- En febrero pasado nadie, ni siquiera Manolo, sab\u00eda que iba a ser candidato a la Alcald\u00eda, y en marzo pas\u00f3 lo inesperado: habemus candidatus. Y ahora que est\u00e1 \u201crankeado\u201d como uno de los favoritos, sucede algo tambi\u00e9n inesperado: el rechazo de la Registradur\u00eda a sus firmas por insuficientes. Aunque la campa\u00f1a considera que \u201chay un error\u201d y que la Registradur\u00eda debe rectificar, lo cierto es que de momento la candidatura est\u00e1 sepultada. Rumores se conoc\u00edan desde la semana pasada sobre una decisi\u00f3n que&#8230; <\/p>\n","protected":false},"author":3,"featured_media":8844,"comment_status":"open","ping_status":"closed","sticky":false,"template":"","format":"standard","meta":{"footnotes":"","_links_to":"","_links_to_target":""},"categories":[66,44],"tags":[],"class_list":["post-8849","post","type-post","status-publish","format-standard","has-post-thumbnail","hentry","category-analisis","category-materiagris"],"_links":{"self":[{"href":"https:\/\/revistazetta.com\/index.php?rest_route=\/wp\/v2\/posts\/8849","targetHints":{"allow":["GET"]}}],"collection":[{"href":"https:\/\/revistazetta.com\/index.php?rest_route=\/wp\/v2\/posts"}],"about":[{"href":"https:\/\/revistazetta.com\/index.php?rest_route=\/wp\/v2\/types\/post"}],"author":[{"embeddable":true,"href":"https:\/\/revistazetta.com\/index.php?rest_route=\/wp\/v2\/users\/3"}],"replies":[{"embeddable":true,"href":"https:\/\/revistazetta.com\/index.php?rest_route=%2Fwp%2Fv2%2Fcomments&post=8849"}],"version-history":[{"count":0,"href":"https:\/\/revistazetta.com\/index.php?rest_route=\/wp\/v2\/posts\/8849\/revisions"}],"wp:featuredmedia":[{"embeddable":true,"href":"https:\/\/revistazetta.com\/index.php?rest_route=\/wp\/v2\/media\/8844"}],"wp:attachment":[{"href":"https:\/\/revistazetta.com\/index.php?rest_route=%2Fwp%2Fv2%2Fmedia&parent=8849"}],"wp:term":[{"taxonomy":"category","embeddable":true,"href":"https:\/\/revistazetta.com\/index.php?rest_route=%2Fwp%2Fv2%2Fcategories&post=8849"},{"taxonomy":"post_tag","embeddable":true,"href":"https:\/\/revistazetta.com\/index.php?rest_route=%2Fwp%2Fv2%2Ftags&post=8849"}],"curies":[{"name":"wp","href":"https:\/\/api.w.org\/{rel}","templated":true}]}}