{"id":924,"date":"2014-05-01T12:35:26","date_gmt":"2014-05-01T12:35:26","guid":{"rendered":"http:\/\/www.revistazetta.com\/?p=924"},"modified":"2014-05-01T12:35:26","modified_gmt":"2014-05-01T12:35:26","slug":"senor-fiscal-general-desde-la-carcel-tambien-se-puede-hacer-trabajo-social","status":"publish","type":"post","link":"https:\/\/revistazetta.com\/?p=924","title":{"rendered":"\u00abSe\u00f1or Fiscal General: desde la c\u00e1rcel tambi\u00e9n se puede hacer trabajo social\u00bb"},"content":{"rendered":"<p>Las declaraciones del Fiscal General de la Naci\u00f3n Eduardo Montealegre ratifican que la paz de Santos es la de premiar con impunidad y el derecho a gobernar a Colombia a los integrantes de las Farc que han cometido cr\u00edmenes atroces y narcotr\u00e1fico, as\u00ed como a sus cabecillas, dijo la campa\u00f1a de Oscar Iv\u00e1n Zuluaga en un despacho de prensa.<\/p>\n<p>El Fiscal General ha se\u00f1alado que los condenados por cr\u00edmenes de guerra podr\u00e1n participar en pol\u00edtica y que los jefes de las Farc, responsables de atrocidades y tr\u00e1fico de drogas, no pagar\u00e1n penas de c\u00e1rcel sino que tendr\u00e1n una penal alternativa de \u00abtrabajo social\u00bb, dindica el comunicado.<\/p>\n<p>\u201cPresidente Santos, se\u00f1or Fiscal: Desde la c\u00e1rcel tambi\u00e9n se puede hacer trabajo social. Adem\u00e1s se pretende beneficiar a los guerrilleros que cometieron homicidio agravado y homicidio en persona protegida para que no sean juzgados, sino objeto de medidas de car\u00e1cter extrajudicial que excluyen la c\u00e1rcel. En cambio, a los integrantes de la fuerza p\u00fablica que son investigados por los mismos hechos se les mantiene sin plenas garant\u00edas judiciales, con dificultad para ejercer su defensa t\u00e9cnica y expuestos a las m\u00e1s duras penas, a\u00fan respecto a aquellos que son inocentes\u201d, se\u00f1ala la comunicaci\u00f3n.<\/p>\n","protected":false},"excerpt":{"rendered":"<p>Las declaraciones del Fiscal General de la Naci\u00f3n Eduardo Montealegre ratifican que la paz de Santos es la de premiar con impunidad y el derecho a gobernar a Colombia a los integrantes de las Farc que han cometido cr\u00edmenes atroces y narcotr\u00e1fico, as\u00ed como a sus cabecillas, dijo la campa\u00f1a de Oscar Iv\u00e1n Zuluaga en un despacho de prensa. El Fiscal General ha se\u00f1alado que los condenados por cr\u00edmenes de guerra podr\u00e1n participar en pol\u00edtica y que los jefes de las Farc, responsables de atrocidades y tr\u00e1fico de drogas, no&#8230; <\/p>\n","protected":false},"author":3,"featured_media":925,"comment_status":"closed","ping_status":"closed","sticky":false,"template":"","format":"standard","meta":{"footnotes":"","_links_to":"","_links_to_target":""},"categories":[26,4],"tags":[],"class_list":["post-924","post","type-post","status-publish","format-standard","has-post-thumbnail","hentry","category-politica-noticias","category-politica"],"_links":{"self":[{"href":"https:\/\/revistazetta.com\/index.php?rest_route=\/wp\/v2\/posts\/924","targetHints":{"allow":["GET"]}}],"collection":[{"href":"https:\/\/revistazetta.com\/index.php?rest_route=\/wp\/v2\/posts"}],"about":[{"href":"https:\/\/revistazetta.com\/index.php?rest_route=\/wp\/v2\/types\/post"}],"author":[{"embeddable":true,"href":"https:\/\/revistazetta.com\/index.php?rest_route=\/wp\/v2\/users\/3"}],"replies":[{"embeddable":true,"href":"https:\/\/revistazetta.com\/index.php?rest_route=%2Fwp%2Fv2%2Fcomments&post=924"}],"version-history":[{"count":0,"href":"https:\/\/revistazetta.com\/index.php?rest_route=\/wp\/v2\/posts\/924\/revisions"}],"wp:featuredmedia":[{"embeddable":true,"href":"https:\/\/revistazetta.com\/index.php?rest_route=\/wp\/v2\/media\/925"}],"wp:attachment":[{"href":"https:\/\/revistazetta.com\/index.php?rest_route=%2Fwp%2Fv2%2Fmedia&parent=924"}],"wp:term":[{"taxonomy":"category","embeddable":true,"href":"https:\/\/revistazetta.com\/index.php?rest_route=%2Fwp%2Fv2%2Fcategories&post=924"},{"taxonomy":"post_tag","embeddable":true,"href":"https:\/\/revistazetta.com\/index.php?rest_route=%2Fwp%2Fv2%2Ftags&post=924"}],"curies":[{"name":"wp","href":"https:\/\/api.w.org\/{rel}","templated":true}]}}