{"id":9317,"date":"2015-10-13T08:58:42","date_gmt":"2015-10-13T13:58:42","guid":{"rendered":"http:\/\/www.revistazetta.com\/?p=9317"},"modified":"2015-10-13T08:58:42","modified_gmt":"2015-10-13T13:58:42","slug":"el-arte-de-colombia-y-francia-se-unen-en-cartagena","status":"publish","type":"post","link":"https:\/\/revistazetta.com\/?p=9317","title":{"rendered":"El arte de Colombia y Francia se unen en Cartagena"},"content":{"rendered":"<p>Un verdadero privilegio es para el Hotel Sofitel Legend Santa Clara en la celebraci\u00f3n de sus XX Aniversario, tener la oportunidad de presentar desde el pr\u00f3ximo 13 de octubre para Cartagena y Colombia las obras de tres extraordinarios artistas pl\u00e1sticos de Colombia y Francia.<\/p>\n<p>La exposici\u00f3n colectiva, que estar\u00e1 abierta hasta el 31 de octubre, presenta por primera vez en Colombia al artista franc\u00e9s Herve Half, que estar\u00e1 acompa\u00f1ado de la obra de nuestro Maestro Enrique Grau y de las esculturas del artista quindiano Hugo Zapata. Esta exposici\u00f3n cuenta con el apoyo de Air France<\/p>\n<p>La exhibici\u00f3n estar\u00e1 en los pasillos coloniales del Hotel Sofitel Legend Santa Clara, en donde hace m\u00e1s de 300 a\u00f1os se encontraba el Convento de las hermanas Clarisas. Un hermoso escenario para una exposici\u00f3n \u00fanica.<\/p>\n<p>&nbsp;<\/p>\n<p><strong>Enrique Grau y su visi\u00f3n de las Mariamulatas<\/strong><\/p>\n<p>Durante esta exposici\u00f3n colectiva, veremos una de las facetas del maestro Enrique Grau cuando su inter\u00e9s estuvo en los animales. En la d\u00e9cada de los noventa, fueron los a\u00f1os en los que pos\u00f3 su visi\u00f3n en las Mariamulatas, aves pertenecientes a la familia de \u00abIcteriode\u00bb. Por esos a\u00f1os, se dedica a estudiar sus caracter\u00edsticas, formas de vida, sistema de agrupaci\u00f3n, comportamientos, presencia en la playa y di\u00e1logo que plasm\u00f3 y\u00a0 analiz\u00f3 en obras de m\u00faltiples tama\u00f1os.<\/p>\n<p>Durante el transcurrir de los estudios y an\u00e1lisis, fueron varias las formas de expresi\u00f3n empleadas a trav\u00e9s del dibujo a l\u00e1piz, al \u00f3leo en formatos muy diversos hasta llegar a grandes dimensiones y en obra escult\u00f3rica y gr\u00e1fica. En esta muestra, se aprecia su dominio y encanto desarrollado por Mariamulata, ave que logra capturar en sus mil \u00e1ngulos, intercomunicaciones y combinaciones con otros animales y el ser humano.<\/p>\n<p>&nbsp;<\/p>\n<p><strong>Herve Half, el arte contempor\u00e1neo franc\u00e9s<\/strong><\/p>\n<p>El trabajo que viene a presentarnos el artista franc\u00e9s Herve Half es como \u00e9l mismo describe lo que ha venido almacenando en su memoria con la mayor\u00eda de los colores que ha encontrado en sus viajes a M\u00e9xico, Colombia, Argentina y Uruguay.<\/p>\n<p>Seg\u00fan el artista \u201cHe estado anonadado por la diversidad de los verdes claros y oscuros, anaranjados, rojos, azules cielo y ultramar, blancos, negros, violetas, etc\u2026 usados en las fachadas de las casas, el vestido popular, la decoraci\u00f3n interior de los apartamentos, el mobiliario que he encontrado en las playas\u201d.<\/p>\n<p>Para \u00e9l, el color es como una ventana hacia la vida, no importa los medios utilizados, s\u00f3lo cuenta el resultado de la armon\u00eda. \u201cEstoy seducido por los contrastes, en Cartagena en particular\u201d.<\/p>\n<p><strong>\u00a0<\/strong><\/p>\n<p><strong>Hugo Zapata, Colombia en escultura<\/strong><\/p>\n<p>El maestro Hugo Zapata naci\u00f3 en La Tebaida, Quind\u00edo y estudi\u00f3 Artes pl\u00e1sticas en al Universidad de Antioquia y, adem\u00e1s se gradu\u00f3 e arquitectura en la Universidad Nacional de Medell\u00edn.<\/p>\n<p>Su trabajo lo ha llevado a exponer en diferentes galer\u00edas y lugares alrededor del mundo como M\u00e9xico, Venezuela, Chile, Argentina, M\u00e9xico, Puerto Rico, Cuba, Sao Paulo, Roma, Londres Bruselas, Avignon, New York, Miami y Se\u00fal, entre otras. Asimismo, ha logrado diferentes distinciones como el premio Cafeto de Oro de Artes Pl\u00e1sticas entregado por el Consejo Municipal de Armenia; adem\u00e1s, de ser seleccionado de Colombia por Israel para realizar la escultura \u201cCALICE\u201d, en el parque de Esculturas Am\u00e9rica Latina, en Natanya, Israel.<\/p>\n<p>Para esta nueva exhibici\u00f3n, el Maestro Zapata nos trae una serie de esculturas. Ellas son: FLORES, son una exaltaci\u00f3n de la naturaleza; TESTIGOS, presencias que recuerdan los t\u00f3tems ancestrales. Recuerda al hombre vigilante el los d\u00f3lmenes precolombinos; NAO, Embarcaci\u00f3n antigua en piedra presente en muchas culturas; CUNA,\u00a0 Alegor\u00eda a la cuna que cuida y que protege. CORDILLERA, alusi\u00f3n a nuestras cordilleras; CASCADA, referente a nuestra geograf\u00eda y VIGIA a manera de vigilante el cristal marca el oriente.<\/p>\n<p>El evento se realizar\u00e1 en uno de los escenarios del hotel Sofitel Legend Santa Clara, que est\u00e1 celebrando este a\u00f1o su XX Aniversario. El hotel es el resultado de la dedicaci\u00f3n de ARIAS SERNA SARAVIA S.A.S, quienes han liderado al grupo de inversionistas y adem\u00e1s fueron quienes realizaron los trabajos de estructuraci\u00f3n, dise\u00f1o y restauraci\u00f3n que le dieron vida al antiguo Convento de Santa Clara de As\u00eds, construido en el siglo XVII. ARIAS SERNA SARAVIA fueron quienes tuvieron la visi\u00f3n de apostarle al primer hotel de lujo en Colombia junto con el grupo AccorHotels y su marca Sofitel.<\/p>\n","protected":false},"excerpt":{"rendered":"<p>Un verdadero privilegio es para el Hotel Sofitel Legend Santa Clara en la celebraci\u00f3n de sus XX Aniversario, tener la oportunidad de presentar desde el pr\u00f3ximo 13 de octubre para Cartagena y Colombia las obras de tres extraordinarios artistas pl\u00e1sticos de Colombia y Francia. La exposici\u00f3n colectiva, que estar\u00e1 abierta hasta el 31 de octubre, presenta por primera vez en Colombia al artista franc\u00e9s Herve Half, que estar\u00e1 acompa\u00f1ado de la obra de nuestro Maestro Enrique Grau y de las esculturas del artista quindiano Hugo Zapata. Esta exposici\u00f3n cuenta con&#8230; <\/p>\n","protected":false},"author":3,"featured_media":0,"comment_status":"open","ping_status":"closed","sticky":false,"template":"","format":"standard","meta":{"footnotes":"","_links_to":"","_links_to_target":""},"categories":[61,41],"tags":[],"class_list":["post-9317","post","type-post","status-publish","format-standard","hentry","category-agenda-cultura","category-cultura"],"_links":{"self":[{"href":"https:\/\/revistazetta.com\/index.php?rest_route=\/wp\/v2\/posts\/9317","targetHints":{"allow":["GET"]}}],"collection":[{"href":"https:\/\/revistazetta.com\/index.php?rest_route=\/wp\/v2\/posts"}],"about":[{"href":"https:\/\/revistazetta.com\/index.php?rest_route=\/wp\/v2\/types\/post"}],"author":[{"embeddable":true,"href":"https:\/\/revistazetta.com\/index.php?rest_route=\/wp\/v2\/users\/3"}],"replies":[{"embeddable":true,"href":"https:\/\/revistazetta.com\/index.php?rest_route=%2Fwp%2Fv2%2Fcomments&post=9317"}],"version-history":[{"count":0,"href":"https:\/\/revistazetta.com\/index.php?rest_route=\/wp\/v2\/posts\/9317\/revisions"}],"wp:attachment":[{"href":"https:\/\/revistazetta.com\/index.php?rest_route=%2Fwp%2Fv2%2Fmedia&parent=9317"}],"wp:term":[{"taxonomy":"category","embeddable":true,"href":"https:\/\/revistazetta.com\/index.php?rest_route=%2Fwp%2Fv2%2Fcategories&post=9317"},{"taxonomy":"post_tag","embeddable":true,"href":"https:\/\/revistazetta.com\/index.php?rest_route=%2Fwp%2Fv2%2Ftags&post=9317"}],"curies":[{"name":"wp","href":"https:\/\/api.w.org\/{rel}","templated":true}]}}