{"id":9321,"date":"2015-10-13T09:20:09","date_gmt":"2015-10-13T14:20:09","guid":{"rendered":"http:\/\/www.revistazetta.com\/?p=9321"},"modified":"2015-10-13T09:20:09","modified_gmt":"2015-10-13T14:20:09","slug":"orbita-politica-de-john-zamora-martes-13-de-octubre","status":"publish","type":"post","link":"https:\/\/revistazetta.com\/?p=9321","title":{"rendered":"\u00d3rbita Pol\u00edtica de John Zamora \u2013 martes 13 de octubre"},"content":{"rendered":"<p><strong>Casa Garc\u00eda se decidi\u00f3 por Quinto Guerra<\/strong><\/p>\n<p>La foto de quinto Guerra recibiendo el respaldo del representante Alonso del R\u00edo Cabarcas, miembro del partido de la U, es el indicador m\u00e1s elocuente de apoyo de la llamada casa Garc\u00eda Zuccardi. As\u00ed las cosas, y aunque el senador Andr\u00e9s Garc\u00eda Zuccardi deba \u201capoyar\u201d a la candidata de ese partido, la f\u00f3rmula de este sector pol\u00edtico es clara: Quinto a la alcald\u00eda y Dumek Turbay a la Gobernaci\u00f3n.<\/p>\n<p>&nbsp;<\/p>\n<p><strong>Otro miembro de CD con Dumek<\/strong><\/p>\n<p>Otro candidato a la Asamblea del Centro Democr\u00e1tico ratific\u00f3 su respaldo a Dumek Turbay, contrario a la posici\u00f3n formal de ese partido. Se trata de Mario del Castillo, quien as\u00ed como Jakobo Fonseca, tiene su propia posici\u00f3n pol\u00edtica. En la tarima instalada en Canapote, dijo que \u201ctodos sabemos que las cosas de la china no son originales\u201d, y se\u00f1al\u00f3 que muchos de su partido est\u00e1n con Dumek Turbay.<\/p>\n<p>&nbsp;<\/p>\n<p><strong>\u201cLas mujeres de Bol\u00edvar estamos con Dumek\u201d<\/strong><\/p>\n<p>Un entusiasta llamado a las mujeres bolivarenses hizo la representante a la C\u00e1mara por Cambio Radical, Karen Cure. Dijo que las mujeres que tienen los pantalones bien puestos son las que trabajan d\u00eda a d\u00eda por una mejor sociedad, y son las que votar\u00e1n por Dumek Turbay a la Gobernaci\u00f3n de Bol\u00edvar, por que es el \u00fanico que tiene propuestas y el \u00fanico que se atreve a debatirlas.<\/p>\n","protected":false},"excerpt":{"rendered":"<p>Casa Garc\u00eda se decidi\u00f3 por Quinto Guerra La foto de quinto Guerra recibiendo el respaldo del representante Alonso del R\u00edo Cabarcas, miembro del partido de la U, es el indicador m\u00e1s elocuente de apoyo de la llamada casa Garc\u00eda Zuccardi. As\u00ed las cosas, y aunque el senador Andr\u00e9s Garc\u00eda Zuccardi deba \u201capoyar\u201d a la candidata de ese partido, la f\u00f3rmula de este sector pol\u00edtico es clara: Quinto a la alcald\u00eda y Dumek Turbay a la Gobernaci\u00f3n. &nbsp; Otro miembro de CD con Dumek Otro candidato a la Asamblea del Centro&#8230; <\/p>\n","protected":false},"author":3,"featured_media":9323,"comment_status":"open","ping_status":"closed","sticky":false,"template":"","format":"standard","meta":{"footnotes":"","_links_to":"","_links_to_target":""},"categories":[47,45],"tags":[],"class_list":["post-9321","post","type-post","status-publish","format-standard","has-post-thumbnail","hentry","category-john-zamora","category-orbita"],"_links":{"self":[{"href":"https:\/\/revistazetta.com\/index.php?rest_route=\/wp\/v2\/posts\/9321","targetHints":{"allow":["GET"]}}],"collection":[{"href":"https:\/\/revistazetta.com\/index.php?rest_route=\/wp\/v2\/posts"}],"about":[{"href":"https:\/\/revistazetta.com\/index.php?rest_route=\/wp\/v2\/types\/post"}],"author":[{"embeddable":true,"href":"https:\/\/revistazetta.com\/index.php?rest_route=\/wp\/v2\/users\/3"}],"replies":[{"embeddable":true,"href":"https:\/\/revistazetta.com\/index.php?rest_route=%2Fwp%2Fv2%2Fcomments&post=9321"}],"version-history":[{"count":0,"href":"https:\/\/revistazetta.com\/index.php?rest_route=\/wp\/v2\/posts\/9321\/revisions"}],"wp:featuredmedia":[{"embeddable":true,"href":"https:\/\/revistazetta.com\/index.php?rest_route=\/wp\/v2\/media\/9323"}],"wp:attachment":[{"href":"https:\/\/revistazetta.com\/index.php?rest_route=%2Fwp%2Fv2%2Fmedia&parent=9321"}],"wp:term":[{"taxonomy":"category","embeddable":true,"href":"https:\/\/revistazetta.com\/index.php?rest_route=%2Fwp%2Fv2%2Fcategories&post=9321"},{"taxonomy":"post_tag","embeddable":true,"href":"https:\/\/revistazetta.com\/index.php?rest_route=%2Fwp%2Fv2%2Ftags&post=9321"}],"curies":[{"name":"wp","href":"https:\/\/api.w.org\/{rel}","templated":true}]}}