{"id":9324,"date":"2015-10-13T09:24:49","date_gmt":"2015-10-13T14:24:49","guid":{"rendered":"http:\/\/www.revistazetta.com\/?p=9324"},"modified":"2015-10-13T09:24:49","modified_gmt":"2015-10-13T14:24:49","slug":"mi-compromiso-es-con-la-seguridad-y-una-cartagena-equilibrada-economica-y-socialmente-gina","status":"publish","type":"post","link":"https:\/\/revistazetta.com\/?p=9324","title":{"rendered":"\u201cMi compromiso es con la seguridad y una Cartagena equilibrada econ\u00f3mica y socialmente\u201d: Gina"},"content":{"rendered":"<p><a href=\"https:\/\/www.revistazetta.com\/wp-content\/uploads\/2015\/10\/Gina-correg-3.jpg\"><img loading=\"lazy\" decoding=\"async\" class=\" size-medium wp-image-9327 alignright\" src=\"https:\/\/www.revistazetta.com\/wp-content\/uploads\/2015\/10\/Gina-correg-3-300x188.jpg\" alt=\"Gina correg 3\" width=\"300\" height=\"188\" srcset=\"https:\/\/revistazetta.com\/wp-content\/uploads\/2015\/10\/Gina-correg-3-300x188.jpg 300w, https:\/\/revistazetta.com\/wp-content\/uploads\/2015\/10\/Gina-correg-3.jpg 576w\" sizes=\"auto, (max-width: 300px) 100vw, 300px\" \/><\/a>La candidata a la Alcald\u00eda por el partido Centro Democr\u00e1tico, Gina Benedetti sigue cautivando votos para este\u00a0 25 de octubre,\u00a0 este fin de semana su agenda estuvo cargada de visitas a los corregimientos de la Boquilla, Manzanillo del Mar, Punta Canoa, Arroyo Grande, Arroyo de Piedras y como es costumbre Benedetti \u00a0hizo di\u00e1logos populares en cada sector, toc\u00f3 las puertas de las casas, \u00a0se reuni\u00f3 con l\u00edderes y expuso sus propuestas de gobierno a la comunidad, cuyo eje central es la seguridad; promueve ser \u00a0la primera comandante en Jefe de la polic\u00eda y retomar los consejos de seguridad en los barrios con autoridad.<\/p>\n<p>\u201cEn este partido del\u00a0 ex presidente \u00c1lvaro Uribe V\u00e9lez, he asumido la responsabilidad de llevar la candidatura de la Alcald\u00eda de Cartagena para el pr\u00f3ximo 25 de octubre, eso conlleva a trabajar por la ciudad, 24 horas 7 d\u00edas a la semana, si Dios lo permite y me respalda los ciudadanos de Cartagena. Espero ser la pr\u00f3xima Alcaldesa\u201d, Anunci\u00f3<\/p>\n<p>As\u00ed mismo expres\u00f3 que su prop\u00f3sito en su gobierno es \u00a0acabar con los \u00edndices de inseguridad.<\/p>\n<p>\u201cQueremos que Cartagena y sus corregimientos sean seguros, Ciudad que era m\u00e1s segura en el gobierno de \u00c1lvaro Uribe y ese es mi compromiso\u201d, asever\u00f3<\/p>\n<p>Asi mismo dijo que: \u201cEn todos los corregimientos llevaremos \u00a0inversi\u00f3n para mejores v\u00edas, mejorar sistema de salud con mayor cobertura; oportunidades para los j\u00f3venes v\u00edctimas de la drogadicci\u00f3n y las pandillas; Vamos a trabajar desde el interior de las familias, d\u00e1ndoles oportunidades e implementando la jornada \u00fanica escolar, un modelo educativo integral moderno e incluyente, con deporte, cultura y ense\u00f1anza del ingl\u00e9s\u201d.<\/p>\n<p>Gina Benedetti trabajar\u00e1 por una ciudad donde haya un equilibrio entre el desarrollo social y econ\u00f3mico, dado a su experiencia por m\u00e1s de 20 a\u00f1os como banquera, 9 a\u00f1os como embajadora y 1 a\u00f1o como Alcaldesa designada.<\/p>\n","protected":false},"excerpt":{"rendered":"<p>La candidata a la Alcald\u00eda por el partido Centro Democr\u00e1tico, Gina Benedetti sigue cautivando votos para este\u00a0 25 de octubre,\u00a0 este fin de semana su agenda estuvo cargada de visitas a los corregimientos de la Boquilla, Manzanillo del Mar, Punta Canoa, Arroyo Grande, Arroyo de Piedras y como es costumbre Benedetti \u00a0hizo di\u00e1logos populares en cada sector, toc\u00f3 las puertas de las casas, \u00a0se reuni\u00f3 con l\u00edderes y expuso sus propuestas de gobierno a la comunidad, cuyo eje central es la seguridad; promueve ser \u00a0la primera comandante en Jefe de&#8230; <\/p>\n","protected":false},"author":3,"featured_media":9326,"comment_status":"open","ping_status":"closed","sticky":false,"template":"","format":"standard","meta":{"footnotes":"","_links_to":"","_links_to_target":""},"categories":[26,4],"tags":[],"class_list":["post-9324","post","type-post","status-publish","format-standard","has-post-thumbnail","hentry","category-politica-noticias","category-politica"],"_links":{"self":[{"href":"https:\/\/revistazetta.com\/index.php?rest_route=\/wp\/v2\/posts\/9324","targetHints":{"allow":["GET"]}}],"collection":[{"href":"https:\/\/revistazetta.com\/index.php?rest_route=\/wp\/v2\/posts"}],"about":[{"href":"https:\/\/revistazetta.com\/index.php?rest_route=\/wp\/v2\/types\/post"}],"author":[{"embeddable":true,"href":"https:\/\/revistazetta.com\/index.php?rest_route=\/wp\/v2\/users\/3"}],"replies":[{"embeddable":true,"href":"https:\/\/revistazetta.com\/index.php?rest_route=%2Fwp%2Fv2%2Fcomments&post=9324"}],"version-history":[{"count":0,"href":"https:\/\/revistazetta.com\/index.php?rest_route=\/wp\/v2\/posts\/9324\/revisions"}],"wp:featuredmedia":[{"embeddable":true,"href":"https:\/\/revistazetta.com\/index.php?rest_route=\/wp\/v2\/media\/9326"}],"wp:attachment":[{"href":"https:\/\/revistazetta.com\/index.php?rest_route=%2Fwp%2Fv2%2Fmedia&parent=9324"}],"wp:term":[{"taxonomy":"category","embeddable":true,"href":"https:\/\/revistazetta.com\/index.php?rest_route=%2Fwp%2Fv2%2Fcategories&post=9324"},{"taxonomy":"post_tag","embeddable":true,"href":"https:\/\/revistazetta.com\/index.php?rest_route=%2Fwp%2Fv2%2Ftags&post=9324"}],"curies":[{"name":"wp","href":"https:\/\/api.w.org\/{rel}","templated":true}]}}