{"id":9352,"date":"2015-10-13T21:38:44","date_gmt":"2015-10-14T02:38:44","guid":{"rendered":"http:\/\/www.revistazetta.com\/?p=9352"},"modified":"2015-10-13T21:38:44","modified_gmt":"2015-10-14T02:38:44","slug":"gran-foro-para-celebrar-100-anos-de-la-camara-de-comercio-de-cartagena","status":"publish","type":"post","link":"https:\/\/revistazetta.com\/?p=9352","title":{"rendered":"Gran foro para celebrar 100 a\u00f1os de la C\u00e1mara de Comercio de Cartagena"},"content":{"rendered":"<p>Con el foro \u201cConstrucci\u00f3n colectiva de un patrimonio de la humanidad: Memoria del pasado, conciencia del presente e inteligencia del futuro\u201d, que se realizar\u00e1 el 19 y 20 de noviembre pr\u00f3ximos en el auditorio Getseman\u00ed del Centro de Convenciones, la C\u00e1mara de Comercio de Cartagena celebra sus 100 a\u00f1os.<\/p>\n<p>El evento contar\u00e1 con la participaci\u00f3n de grandes personalidades de talla nacional e internacional. Entre ellos: Ricardo \u00c1vila, director de la\u00a0 revista Portafolio; Juan Luis Cebri\u00e1n Echarry, presidente mundial grupo Prisa;\u00a0capit\u00e1n Alfonso Salas, gerente de la Sociedad Portuaria Regional Caribe (SPRC); Juan Carlos Echeverri, presidente de\u00a0 Ecopetrol; Antonio Celia, presidente\u00a0 de Promigas; Gabriel Echavarr\u00eda; representante del grupo Corona; Carlos Julio Ardila, de la organizaci\u00f3n Ardila Lulle, y \u00a0Jos\u00e9 Alberto V\u00e9lez, presidente del Grupo Argos.<\/p>\n<p>La agenda acad\u00e9mica del foro tratar\u00e1 temas de ciudad, entre ellos: la planeaci\u00f3n, sostenibilidad, medio ambiente, desarrollo econ\u00f3mico y social. Para cada uno de estos temas se contar\u00e1 con expertos que dar\u00e1n el aporte pertinente de acuerdo a cada \u00e1rea.<\/p>\n<p>As\u00ed mismo, habr\u00e1 un espacio cultural con el que se clausurar\u00e1 el foro en el que participar\u00e1n artistas nacionales como Juan Carlos Coronel y la agrupaci\u00f3n Bazurto All Star, Alfredo de la Fe, entre otros.<\/p>\n<p>\u201cEl foro constituir\u00e1 un espacio de reflexi\u00f3n en el que se dar\u00e1n herramientas reales para crear una agenda colectiva de ciudad y trabajar los temas que la aquejan\u201d, asegur\u00f3 un vocero de la C\u00e1mara de Comercio de Cartagena, quien adem\u00e1s extendi\u00f3 la invitaci\u00f3n a todos los cartageneros, empresarios y acad\u00e9micos a vincularse a este evento que tiene como \u00fanico fin concientizar a los habitantes del Corralito de Piedras de lo valioso que es el aporte de \u00a0todos \u00a0para alcanzar la ciudad que deseamos.<\/p>\n","protected":false},"excerpt":{"rendered":"<p>Con el foro \u201cConstrucci\u00f3n colectiva de un patrimonio de la humanidad: Memoria del pasado, conciencia del presente e inteligencia del futuro\u201d, que se realizar\u00e1 el 19 y 20 de noviembre pr\u00f3ximos en el auditorio Getseman\u00ed del Centro de Convenciones, la C\u00e1mara de Comercio de Cartagena celebra sus 100 a\u00f1os. El evento contar\u00e1 con la participaci\u00f3n de grandes personalidades de talla nacional e internacional. Entre ellos: Ricardo \u00c1vila, director de la\u00a0 revista Portafolio; Juan Luis Cebri\u00e1n Echarry, presidente mundial grupo Prisa;\u00a0capit\u00e1n Alfonso Salas, gerente de la Sociedad Portuaria Regional Caribe (SPRC);&#8230; <\/p>\n","protected":false},"author":3,"featured_media":9354,"comment_status":"open","ping_status":"closed","sticky":false,"template":"","format":"standard","meta":{"footnotes":"","_links_to":"","_links_to_target":""},"categories":[3,50],"tags":[],"class_list":["post-9352","post","type-post","status-publish","format-standard","has-post-thumbnail","hentry","category-ciudad","category-empresa"],"_links":{"self":[{"href":"https:\/\/revistazetta.com\/index.php?rest_route=\/wp\/v2\/posts\/9352","targetHints":{"allow":["GET"]}}],"collection":[{"href":"https:\/\/revistazetta.com\/index.php?rest_route=\/wp\/v2\/posts"}],"about":[{"href":"https:\/\/revistazetta.com\/index.php?rest_route=\/wp\/v2\/types\/post"}],"author":[{"embeddable":true,"href":"https:\/\/revistazetta.com\/index.php?rest_route=\/wp\/v2\/users\/3"}],"replies":[{"embeddable":true,"href":"https:\/\/revistazetta.com\/index.php?rest_route=%2Fwp%2Fv2%2Fcomments&post=9352"}],"version-history":[{"count":0,"href":"https:\/\/revistazetta.com\/index.php?rest_route=\/wp\/v2\/posts\/9352\/revisions"}],"wp:featuredmedia":[{"embeddable":true,"href":"https:\/\/revistazetta.com\/index.php?rest_route=\/wp\/v2\/media\/9354"}],"wp:attachment":[{"href":"https:\/\/revistazetta.com\/index.php?rest_route=%2Fwp%2Fv2%2Fmedia&parent=9352"}],"wp:term":[{"taxonomy":"category","embeddable":true,"href":"https:\/\/revistazetta.com\/index.php?rest_route=%2Fwp%2Fv2%2Fcategories&post=9352"},{"taxonomy":"post_tag","embeddable":true,"href":"https:\/\/revistazetta.com\/index.php?rest_route=%2Fwp%2Fv2%2Ftags&post=9352"}],"curies":[{"name":"wp","href":"https:\/\/api.w.org\/{rel}","templated":true}]}}