{"id":9355,"date":"2015-10-13T21:48:50","date_gmt":"2015-10-14T02:48:50","guid":{"rendered":"http:\/\/www.revistazetta.com\/?p=9355"},"modified":"2015-10-13T21:48:50","modified_gmt":"2015-10-14T02:48:50","slug":"en-bicentenario-y-villas-de-aranjuez-se-crean-grupos-de-liderazgo-juvenil","status":"publish","type":"post","link":"https:\/\/revistazetta.com\/?p=9355","title":{"rendered":"En Bicentenario y Villas de Aranjuez se crean grupos de liderazgo juvenil"},"content":{"rendered":"<p>En coordinaci\u00f3n con la Fundaci\u00f3n Julio Mario Santo Domingo, la Escuela de Gobierno y Liderazgo de Cartagena viene realizando en los barrios Bicentenario y Villas de Aranjuez acciones de capacitaci\u00f3n y asesor\u00eda a grupos juveniles.<\/p>\n<p>Se tiene el prop\u00f3sito de consolidarlos como organizaciones sociales y generar procesos de liderazgo comunitario con nuevas visiones y mejores comportamientos que faciliten los cambios necesarios de la poblaci\u00f3n ante los retos del desarrollo social y econ\u00f3mico.<\/p>\n<p>En los seminarios y talleres Bernardo Romero Parra, director de la Escuela de Gobierno y Liderazgo, dialog\u00f3 con los asistentes sobre la necesidad de que cada joven deba tener sue\u00f1os de superaci\u00f3n personal, adoptar un proyecto de vida fij\u00e1ndose metas a alcanzar, y solo as\u00ed se podr\u00e1n proteger de las amenazas que atentan contra el futuro de la juventud como la falta de recursos econ\u00f3micos, la drogadicci\u00f3n, el embarazo en adolescentes, la delincuencia y la prostituci\u00f3n entre otros males sociales.<\/p>\n<p>En otra de las acciones de formaci\u00f3n los j\u00f3venes disfrutaron de un recorrido por sitios de inter\u00e9s como el Cerro de la Popa, el Barrio Castillo Grande, y el Castillo San Felipe guiados por el historiador Gustavo Vergara Tobio de la Escuela de Gobierno y Liderazgo, donde cada uno de los participantes conocieron lugares desconocidos para ellos, aprendieron sobre la historia de Cartagena y reflexionaron acerca de las formas de vida en que se viven en estos sectores, analizando que debe ser una meta general el mejorar sus condiciones de vida individual, familiar y comunitaria.<\/p>\n","protected":false},"excerpt":{"rendered":"<p>En coordinaci\u00f3n con la Fundaci\u00f3n Julio Mario Santo Domingo, la Escuela de Gobierno y Liderazgo de Cartagena viene realizando en los barrios Bicentenario y Villas de Aranjuez acciones de capacitaci\u00f3n y asesor\u00eda a grupos juveniles. Se tiene el prop\u00f3sito de consolidarlos como organizaciones sociales y generar procesos de liderazgo comunitario con nuevas visiones y mejores comportamientos que faciliten los cambios necesarios de la poblaci\u00f3n ante los retos del desarrollo social y econ\u00f3mico. En los seminarios y talleres Bernardo Romero Parra, director de la Escuela de Gobierno y Liderazgo, dialog\u00f3 con&#8230; <\/p>\n","protected":false},"author":3,"featured_media":9356,"comment_status":"open","ping_status":"closed","sticky":false,"template":"","format":"standard","meta":{"footnotes":"","_links_to":"","_links_to_target":""},"categories":[2,32],"tags":[],"class_list":["post-9355","post","type-post","status-publish","format-standard","has-post-thumbnail","hentry","category-actualidad","category-actualidad-distrito"],"_links":{"self":[{"href":"https:\/\/revistazetta.com\/index.php?rest_route=\/wp\/v2\/posts\/9355","targetHints":{"allow":["GET"]}}],"collection":[{"href":"https:\/\/revistazetta.com\/index.php?rest_route=\/wp\/v2\/posts"}],"about":[{"href":"https:\/\/revistazetta.com\/index.php?rest_route=\/wp\/v2\/types\/post"}],"author":[{"embeddable":true,"href":"https:\/\/revistazetta.com\/index.php?rest_route=\/wp\/v2\/users\/3"}],"replies":[{"embeddable":true,"href":"https:\/\/revistazetta.com\/index.php?rest_route=%2Fwp%2Fv2%2Fcomments&post=9355"}],"version-history":[{"count":0,"href":"https:\/\/revistazetta.com\/index.php?rest_route=\/wp\/v2\/posts\/9355\/revisions"}],"wp:featuredmedia":[{"embeddable":true,"href":"https:\/\/revistazetta.com\/index.php?rest_route=\/wp\/v2\/media\/9356"}],"wp:attachment":[{"href":"https:\/\/revistazetta.com\/index.php?rest_route=%2Fwp%2Fv2%2Fmedia&parent=9355"}],"wp:term":[{"taxonomy":"category","embeddable":true,"href":"https:\/\/revistazetta.com\/index.php?rest_route=%2Fwp%2Fv2%2Fcategories&post=9355"},{"taxonomy":"post_tag","embeddable":true,"href":"https:\/\/revistazetta.com\/index.php?rest_route=%2Fwp%2Fv2%2Ftags&post=9355"}],"curies":[{"name":"wp","href":"https:\/\/api.w.org\/{rel}","templated":true}]}}