{"id":9369,"date":"2015-10-15T00:22:34","date_gmt":"2015-10-15T05:22:34","guid":{"rendered":"http:\/\/www.revistazetta.com\/?p=9369"},"modified":"2015-10-15T00:22:34","modified_gmt":"2015-10-15T05:22:34","slug":"gina-te-atiende-en-su-despacho-movil","status":"publish","type":"post","link":"https:\/\/revistazetta.com\/?p=9369","title":{"rendered":"Gina te atiende en su despacho m\u00f3vil"},"content":{"rendered":"<p>En la recta final a la Alcald\u00eda de Cartagena, la candidata del partido Centro Democr\u00e1tico, Gina Benedetti, sigue contagiando el voto de opini\u00f3n de los cartageneros. Benedetti desde su \u201cDespacho m\u00f3vil\u201d, un cami\u00f3n adaptado como oficina del pPalacio de la Aduana, atiende y\u00a0 escucha los problemas \u00a0y necesidades de sus l\u00edderes, as\u00ed como tambi\u00e9n\u00a0personas espont\u00e1neas.<\/p>\n<p>Este mi\u00e9rcoles Gina, acompa\u00f1ada de su equipo de trabajo y candidatos de CD, recorri\u00f3 por varias horas las principales avenidas de la ciudad; Pedro Romero y El Amparo, lleg\u00f3 hasta el barrio Olaya Herrera, sector el Cuartelillo, all\u00ed adelant\u00f3 un di\u00e1logo popular con sus moradores.<\/p>\n<p>\u201cEl despacho m\u00f3vil es una forma de acercarme m\u00e1s a la comunidad, recorrer los barrios m\u00e1s deprimidos de Cartagena, exponer mis propuestas de gobierno y decirles a todos los Cartageneros que tienen una candidata transparente, con capacidad de gesti\u00f3n y administraci\u00f3n demostrada en mi a\u00f1o como Alcaldesa de Cartagena. Ahora quiero ser elegida por elecci\u00f3n popular este 25 de octubre\u201d, Afirm\u00f3, Gina Benedetti.<\/p>\n<p>Se espera que este s\u00e1bado 17 de octubre el ex presidente, senador y l\u00edder del partido, \u00c1lvaro Uribe V\u00e9lez, acompa\u00f1e a su candidata, Gina Benedetti a la \u201cTercera Ruta de la seguridad\u201d, por la localidad uno.<\/p>\n","protected":false},"excerpt":{"rendered":"<p>En la recta final a la Alcald\u00eda de Cartagena, la candidata del partido Centro Democr\u00e1tico, Gina Benedetti, sigue contagiando el voto de opini\u00f3n de los cartageneros. Benedetti desde su \u201cDespacho m\u00f3vil\u201d, un cami\u00f3n adaptado como oficina del pPalacio de la Aduana, atiende y\u00a0 escucha los problemas \u00a0y necesidades de sus l\u00edderes, as\u00ed como tambi\u00e9n\u00a0personas espont\u00e1neas. Este mi\u00e9rcoles Gina, acompa\u00f1ada de su equipo de trabajo y candidatos de CD, recorri\u00f3 por varias horas las principales avenidas de la ciudad; Pedro Romero y El Amparo, lleg\u00f3 hasta el barrio Olaya Herrera, sector&#8230; <\/p>\n","protected":false},"author":3,"featured_media":9371,"comment_status":"open","ping_status":"closed","sticky":false,"template":"","format":"standard","meta":{"footnotes":"","_links_to":"","_links_to_target":""},"categories":[26,4],"tags":[],"class_list":["post-9369","post","type-post","status-publish","format-standard","has-post-thumbnail","hentry","category-politica-noticias","category-politica"],"_links":{"self":[{"href":"https:\/\/revistazetta.com\/index.php?rest_route=\/wp\/v2\/posts\/9369","targetHints":{"allow":["GET"]}}],"collection":[{"href":"https:\/\/revistazetta.com\/index.php?rest_route=\/wp\/v2\/posts"}],"about":[{"href":"https:\/\/revistazetta.com\/index.php?rest_route=\/wp\/v2\/types\/post"}],"author":[{"embeddable":true,"href":"https:\/\/revistazetta.com\/index.php?rest_route=\/wp\/v2\/users\/3"}],"replies":[{"embeddable":true,"href":"https:\/\/revistazetta.com\/index.php?rest_route=%2Fwp%2Fv2%2Fcomments&post=9369"}],"version-history":[{"count":0,"href":"https:\/\/revistazetta.com\/index.php?rest_route=\/wp\/v2\/posts\/9369\/revisions"}],"wp:featuredmedia":[{"embeddable":true,"href":"https:\/\/revistazetta.com\/index.php?rest_route=\/wp\/v2\/media\/9371"}],"wp:attachment":[{"href":"https:\/\/revistazetta.com\/index.php?rest_route=%2Fwp%2Fv2%2Fmedia&parent=9369"}],"wp:term":[{"taxonomy":"category","embeddable":true,"href":"https:\/\/revistazetta.com\/index.php?rest_route=%2Fwp%2Fv2%2Fcategories&post=9369"},{"taxonomy":"post_tag","embeddable":true,"href":"https:\/\/revistazetta.com\/index.php?rest_route=%2Fwp%2Fv2%2Ftags&post=9369"}],"curies":[{"name":"wp","href":"https:\/\/api.w.org\/{rel}","templated":true}]}}