{"id":9372,"date":"2015-10-15T00:26:28","date_gmt":"2015-10-15T05:26:28","guid":{"rendered":"http:\/\/www.revistazetta.com\/?p=9372"},"modified":"2015-10-15T00:32:07","modified_gmt":"2015-10-15T05:32:07","slug":"71-381-firmas-manolo-va","status":"publish","type":"post","link":"https:\/\/revistazetta.com\/?p=9372","title":{"rendered":"71.381 firmas&#8230; \u00a1Manolo va!"},"content":{"rendered":"<p><a href=\"https:\/\/www.revistazetta.com\/wp-content\/uploads\/2015\/10\/Manolo-va.jpg\"><img loading=\"lazy\" decoding=\"async\" class=\" size-medium wp-image-9381 alignright\" src=\"https:\/\/www.revistazetta.com\/wp-content\/uploads\/2015\/10\/Manolo-va-240x300.jpg\" alt=\"Manolo va\" width=\"240\" height=\"300\" srcset=\"https:\/\/revistazetta.com\/wp-content\/uploads\/2015\/10\/Manolo-va-240x300.jpg 240w, https:\/\/revistazetta.com\/wp-content\/uploads\/2015\/10\/Manolo-va.jpg 480w\" sizes=\"auto, (max-width: 240px) 100vw, 240px\" \/><\/a>La revisi\u00f3n de la Registradur\u00eda a las firmas presentadas por el movimiento Primero la Gente arroj\u00f3 como resultado 71.381 r\u00fabricas v\u00e1lidas, lo que supera el m\u00ednimo exigido por la ley de 50 mil y le permitir\u00e1 a Manolo Duque ser, finalmente, candidato a la Alcald\u00eda.<\/p>\n<p>Finaliza as\u00ed un mes de forcejeo jur\u00eddico en el que la campa\u00f1a de Duque batall\u00f3 contra la Registradur\u00eda para mantener viva su aspiraci\u00f3n, pues el rechazo a las firmas dejaba sepultada su candidatura<\/p>\n<p>Una tutela y un concepto de la Procuradur\u00eda fueron las armas jur\u00eddicas m\u00e1s contundentes para lograr que la Registradur\u00eda revisara los 138 tomos con 13.800 folios contentivos de las firmas recolectadas. Hace un mes eran alrededor de 35 mil firmas v\u00e1lidas pero, tras la revisi\u00f3n, son 71.381, lo que le permite ser candidato legalmente.<\/p>\n<p>Si nada anormal ocurre, la Registradur\u00eda se debe pronunciar oficialmente sobre esta revisi\u00f3n e informar al Tribunal Administrativo de Bol\u00edvar respecto de la manera en que se acat\u00f3 la tutela que a fines de la semana pasada le dio un plazo de 48 horas para hacer tal revisi\u00f3n.<\/p>\n<p>La Procuradur\u00eda, a su vez, hab\u00eda recomendado incluir como firmas v\u00e1lidas aquellas cuya fecha fueron diligenciadas por una misma persona, independiente de qui\u00e9n firm\u00f3.<\/p>\n<p>Seg\u00fan el Grupo Firmas de la Direcci\u00f3n de Censo Electoral de la Registradur\u00eda se analizaron 146.671 registros, de los cuales fueron aprobados 71.381.<\/p>\n<p>Los dem\u00e1s datos fueron: Registro duplicado 22.473; folio propuesta diferente 0; folio fotocopia 1, encabezado incompleto 1, fecha no corresponde 851, rengl\u00f3n fotocopia 3, datos incompletos 4.813, dato ilegible 2.518, nombre no corresponde 16.929, no censo Cartagena-Bol\u00edvar 10.760, no en censo electoral 1.002, no ANI 12.391, registros uniprocedentes 3.548, registros pendientes de analizar 0.<\/p>\n","protected":false},"excerpt":{"rendered":"<p>La revisi\u00f3n de la Registradur\u00eda a las firmas presentadas por el movimiento Primero la Gente arroj\u00f3 como resultado 71.381 r\u00fabricas v\u00e1lidas, lo que supera el m\u00ednimo exigido por la ley de 50 mil y le permitir\u00e1 a Manolo Duque ser, finalmente, candidato a la Alcald\u00eda. Finaliza as\u00ed un mes de forcejeo jur\u00eddico en el que la campa\u00f1a de Duque batall\u00f3 contra la Registradur\u00eda para mantener viva su aspiraci\u00f3n, pues el rechazo a las firmas dejaba sepultada su candidatura Una tutela y un concepto de la Procuradur\u00eda fueron las armas jur\u00eddicas&#8230; <\/p>\n","protected":false},"author":3,"featured_media":9378,"comment_status":"open","ping_status":"closed","sticky":false,"template":"","format":"standard","meta":{"footnotes":"","_links_to":"","_links_to_target":""},"categories":[26,4],"tags":[],"class_list":["post-9372","post","type-post","status-publish","format-standard","has-post-thumbnail","hentry","category-politica-noticias","category-politica"],"_links":{"self":[{"href":"https:\/\/revistazetta.com\/index.php?rest_route=\/wp\/v2\/posts\/9372","targetHints":{"allow":["GET"]}}],"collection":[{"href":"https:\/\/revistazetta.com\/index.php?rest_route=\/wp\/v2\/posts"}],"about":[{"href":"https:\/\/revistazetta.com\/index.php?rest_route=\/wp\/v2\/types\/post"}],"author":[{"embeddable":true,"href":"https:\/\/revistazetta.com\/index.php?rest_route=\/wp\/v2\/users\/3"}],"replies":[{"embeddable":true,"href":"https:\/\/revistazetta.com\/index.php?rest_route=%2Fwp%2Fv2%2Fcomments&post=9372"}],"version-history":[{"count":0,"href":"https:\/\/revistazetta.com\/index.php?rest_route=\/wp\/v2\/posts\/9372\/revisions"}],"wp:featuredmedia":[{"embeddable":true,"href":"https:\/\/revistazetta.com\/index.php?rest_route=\/wp\/v2\/media\/9378"}],"wp:attachment":[{"href":"https:\/\/revistazetta.com\/index.php?rest_route=%2Fwp%2Fv2%2Fmedia&parent=9372"}],"wp:term":[{"taxonomy":"category","embeddable":true,"href":"https:\/\/revistazetta.com\/index.php?rest_route=%2Fwp%2Fv2%2Fcategories&post=9372"},{"taxonomy":"post_tag","embeddable":true,"href":"https:\/\/revistazetta.com\/index.php?rest_route=%2Fwp%2Fv2%2Ftags&post=9372"}],"curies":[{"name":"wp","href":"https:\/\/api.w.org\/{rel}","templated":true}]}}