{"id":9382,"date":"2015-10-16T07:51:09","date_gmt":"2015-10-16T12:51:09","guid":{"rendered":"http:\/\/www.revistazetta.com\/?p=9382"},"modified":"2015-10-16T07:52:11","modified_gmt":"2015-10-16T12:52:11","slug":"siete-de-los-ocho-candidatos-a-la-alcaldia-violan-norma-sobre-publicidad-electoral-dicen-andi-funcicar","status":"publish","type":"post","link":"https:\/\/revistazetta.com\/?p=9382","title":{"rendered":"Siete de los ocho candidatos a la Alcald\u00eda violan norma sobre publicidad electoral, dicen ANDI-Funcicar"},"content":{"rendered":"<p>La campa\u00f1a Cartagena Despierta, promovida por la ANDI seccional Bol\u00edvar y Funcicar, que busca promover la participaci\u00f3n y el voto informado de cara a estas elecciones regionales, escudri\u00f1\u00f3 en calles, paredes y postes todo lo alusivo a la publicidad electoral visual y expdi\u00f3 el siguiente comunicado:<\/p>\n<p>Las ciudades se transforman en \u00e9poca electoral, y la principal se\u00f1al de esto es la publicidad que inunda las calles, fachadas y postes. Cartagena no es la excepci\u00f3n, por eso desde Despierta Cartagena hicimos un ejercicio de observaci\u00f3n para determinar de qu\u00e9 manera se le ha dado uso a la publicidad visual en esta contienda electoral.<\/p>\n<p>Los 20 brigadistas que conforman este proyecto recorrieron entre el 30 de septiembre y el 3 de octubre, 72 barrios de las 3 localidades y 3 zonas rurales de Cartagena, para una presencia en el 14,21% de la malla vial de la ciudad.<br \/>\n<strong>Principales hallazgos:<\/strong><\/p>\n<ul>\n<li><strong>Siete<\/strong>de los ocho candidatos inscritos a la Alcald\u00eda violan el Decreto 0927 \u00a0que regula la publicidad electoral en Cartagena, pues exceden con creces el n\u00famero de vallas, afiches y pasacalles permitidos. Ocurre lo mismo con los\u00a0<strong>tres<\/strong>\u00a0candidatos inscritos a la Gobernaci\u00f3n.<\/li>\n<li>El candidato con mayor publicidad visual es\u00a0<strong>Andr\u00e9s Betancourt<\/strong>, con un estimado de 35.781 unidades de publicidad visual en Cartagena.<\/li>\n<li>El partido con m\u00e1s publicidad visual es el\u00a0<strong>Conservador<\/strong>, con un estimado de 66.156 unidades de publicidad visual, seguido por\u00a0<strong>Cartagena Confirma, La U<\/strong>y\u00a0<strong>Todo por Cartagena<\/strong>.<\/li>\n<li>La\u00a0<strong>localidad<\/strong>con m\u00e1s publicidad electoral visual es la<strong>\u00a01<\/strong>: Hist\u00f3rica y del Caribe Norte, con 520 unidades encontradas.<\/li>\n<li>Los\u00a0<strong>afiches, pancartas y volantes\u00a0<\/strong>son las piezas que predominan en la publicidad visual en Cartagena.<\/li>\n<\/ul>\n<p>Con base en estos hallazgos, contrastaremos de qu\u00e9 manera coincide el uso de la publicidad con los reportes de ingresos y gastos de campa\u00f1a que realizan los candidatos a trav\u00e9s del aplicativo Cuentas Claras.<br \/>\n<strong>\u00bfCumplen los candidatos con los topes de financiaci\u00f3n? Pr\u00f3ximamente le daremos la respuesta.<\/strong><\/p>\n<p>&nbsp;<\/p>\n<p><strong>Informaci\u00f3n t\u00e9cnica de este ejercicio:\u00a0<\/strong><\/p>\n<p>El ejercicio se desarroll\u00f3 entre el 30 de septiembre y el 3 de octubre, en 72 barrios de Cartagena, distribuidos de manera equilibrada entre las 3 localidades, por cada una de sus 15 unidades comuneras y sus 3 zonas rurales.<\/p>\n<p>Se registraron las cantidades de las siguientes piezas por candidato: vallas, afiches, pancartas o pendones, volantes, pasacalles, m\u00f3viles y murales.<\/p>\n<p>La medida de la muestra del territorio para hacer las estimaciones de la densidad de la publicidad, estuvo dada en Kil\u00f3metros Carril, considerando que el espacio en el que se difunde la publicidad visual es aquel al que tienen acceso todos los ciudadanos, es decir los m\u00e1rgenes de las calles y fachadas de las locaciones f\u00edsicas.<\/p>\n<p>Se tom\u00f3 como referencia general la estimaci\u00f3n de 1834,4 kil\u00f3metros Carril, que seg\u00fan datos de Cartagena C\u00f3mo Vamos (2014), corresponde a la longitud total de la malla vial de Cartagena. La muestra tomada en esta investigaci\u00f3n correspondi\u00f3 al 14.21% de la malla vial de Cartagena (260.7 Kil\u00f3metros Carril).<br \/>\n<strong>\u00bfQu\u00e9 es Despierta Cartagena?<\/strong><\/p>\n<p>Una campa\u00f1a ciudadana, promovida por la <strong>ANDI<\/strong> seccional Bol\u00edvar y <strong>Funcicar<\/strong>, que busca promover la participaci\u00f3n y el voto informado de cara a estas elecciones regionales. Contempla dos ejes: seguimiento a campa\u00f1as y pedagog\u00eda electoral; ambos se abordan a trav\u00e9s de un minucioso trabajo de campo con brigadistas que hacen presencia en las tres localidades de la ciudad.<\/p>\n","protected":false},"excerpt":{"rendered":"<p>La campa\u00f1a Cartagena Despierta, promovida por la ANDI seccional Bol\u00edvar y Funcicar, que busca promover la participaci\u00f3n y el voto informado de cara a estas elecciones regionales, escudri\u00f1\u00f3 en calles, paredes y postes todo lo alusivo a la publicidad electoral visual y expdi\u00f3 el siguiente comunicado: Las ciudades se transforman en \u00e9poca electoral, y la principal se\u00f1al de esto es la publicidad que inunda las calles, fachadas y postes. Cartagena no es la excepci\u00f3n, por eso desde Despierta Cartagena hicimos un ejercicio de observaci\u00f3n para determinar de qu\u00e9 manera se&#8230; <\/p>\n","protected":false},"author":3,"featured_media":0,"comment_status":"open","ping_status":"closed","sticky":false,"template":"","format":"standard","meta":{"footnotes":"","_links_to":"","_links_to_target":""},"categories":[2,32],"tags":[],"class_list":["post-9382","post","type-post","status-publish","format-standard","hentry","category-actualidad","category-actualidad-distrito"],"_links":{"self":[{"href":"https:\/\/revistazetta.com\/index.php?rest_route=\/wp\/v2\/posts\/9382","targetHints":{"allow":["GET"]}}],"collection":[{"href":"https:\/\/revistazetta.com\/index.php?rest_route=\/wp\/v2\/posts"}],"about":[{"href":"https:\/\/revistazetta.com\/index.php?rest_route=\/wp\/v2\/types\/post"}],"author":[{"embeddable":true,"href":"https:\/\/revistazetta.com\/index.php?rest_route=\/wp\/v2\/users\/3"}],"replies":[{"embeddable":true,"href":"https:\/\/revistazetta.com\/index.php?rest_route=%2Fwp%2Fv2%2Fcomments&post=9382"}],"version-history":[{"count":0,"href":"https:\/\/revistazetta.com\/index.php?rest_route=\/wp\/v2\/posts\/9382\/revisions"}],"wp:attachment":[{"href":"https:\/\/revistazetta.com\/index.php?rest_route=%2Fwp%2Fv2%2Fmedia&parent=9382"}],"wp:term":[{"taxonomy":"category","embeddable":true,"href":"https:\/\/revistazetta.com\/index.php?rest_route=%2Fwp%2Fv2%2Fcategories&post=9382"},{"taxonomy":"post_tag","embeddable":true,"href":"https:\/\/revistazetta.com\/index.php?rest_route=%2Fwp%2Fv2%2Ftags&post=9382"}],"curies":[{"name":"wp","href":"https:\/\/api.w.org\/{rel}","templated":true}]}}