{"id":9383,"date":"2015-10-16T07:53:30","date_gmt":"2015-10-16T12:53:30","guid":{"rendered":"http:\/\/www.revistazetta.com\/?p=9383"},"modified":"2015-10-16T07:53:30","modified_gmt":"2015-10-16T12:53:30","slug":"inician-reparacion-de-la-cupula-iglesia-san-pedro-claver-en-cartagena","status":"publish","type":"post","link":"https:\/\/revistazetta.com\/?p=9383","title":{"rendered":"Inician reparaci\u00f3n de la c\u00fapula iglesia San Pedro Claver en Cartagena"},"content":{"rendered":"<p>La pr\u00f3xima semana inician las obras de rehabilitaci\u00f3n de la c\u00fapula de la iglesia San Pedro Claver, en el centro hist\u00f3rico de Cartagena, proyecto presentado por el Distrito de Cartagena, priorizado y ejecutado por la Gobernaci\u00f3n de Bol\u00edvar a trav\u00e9s del Instituto de Cultura y Turismo de Bol\u00edvar, Icultur, financiado con recursos provenientes del impuesto al consumo de telefon\u00eda m\u00f3vil para la cultura y cuya ejecuci\u00f3n ser\u00e1 de dos meses.<\/p>\n<p>Seg\u00fan un comunicado de la Gobernaci\u00f3n de Bol\u00edvar, la emblem\u00e1tica c\u00fapula fue construida en 1923 por el arquitecto franc\u00e9s Gast\u00f3n Lelarge, y hoy es s\u00edmbolo de la ciudad para el mundo. Se elabor\u00f3 en acero y concreto, nuevos para la \u00e9poca. La Iglesia San Pedro Claver fue edificada entre 1580 y 1654, y declarada Monumento Nacional en 1995.<\/p>\n<p>No obstante, la rigurosidad del clima, los vientos salitrosos, la humedad y su interacci\u00f3n con los materiales constructivos produjo un deterioro progresivo de la c\u00fapula que preocupa, no solo a los asiduos del ic\u00f3nico templo sino a la comunidad en general.<\/p>\n<p>Seg\u00fan el padre Jorge Camacho<strong>, <\/strong>p\u00e1rroco de la Iglesia, la c\u00fapula, cuya estructura es en hierro, est\u00e1 siendo devorada por el salitre y las inclemencias del clima y por eso la importancia de su intervenci\u00f3n inmediata.<\/p>\n<p>La c\u00fapula es de 11,2 metros de di\u00e1metro por 44 metros de altura, y ser\u00e1 intervenida a trav\u00e9s del proyecto llamado \u201cconsolidaci\u00f3n de nervaduras en concreto, armado de la c\u00fapula de la iglesia de San Pedro Claver en su primera etapa\u201d consistente en la rehabilitaci\u00f3n de la nervadura de la c\u00fapula, es decir, la reparaci\u00f3n total del esqueleto de concreto y acero que sostiene la estructura, la cual se picar\u00e1 para poder extraer el material corro\u00eddo, donde luego se incrustar\u00e1n piezas nuevas que ser\u00e1n resanadas en concreto. Las fisuras en b\u00f3vedas ser\u00e1n sometidas a mantenimiento, sello y posterior pintura de acabado. Cabe resaltar que estas obras conservar\u00e1n su identidad arquitect\u00f3nica y estructural.<\/p>\n<p>\u201cAgradezco todo el apoyo e inter\u00e9s que Icultur ha mostrado ante nuestra necesidad. La c\u00fapula de San Pedro Claver es una joya arquitect\u00f3nica orgullo de todos los cartageneros\u201d destaca el padre Camacho, complacido por el inicio de las obras de mantenimiento que con tanta insistencia solicit\u00f3 la comunidad feligr\u00e9s cartagenera, a lo cual el gobierno Departamental del \u00a0Bol\u00edvar Ganador que lidera Juan Carlos Gossa\u00edn, atendi\u00f3 con inter\u00e9s y celeridad.<\/p>\n<p>Margarita D\u00edaz Casas, directora del Icultur, por su parte, enfatiz\u00f3 que el proyecto de reparaci\u00f3n de la C\u00fapula de la San Pedro Claver era una deuda y una responsabilidad de ciudad para con un icono que nos identifica: \u201cEl inicio de obras de reparaci\u00f3n de la c\u00fapula es la respuesta a valorar nuestro patrimonio, es un llamado que desde lo p\u00fablico la Gobernaci\u00f3n de Bol\u00edvar a trav\u00e9s de Icultur, atendi\u00f3 con sentido de pertenencia y responsabilidad\u201d.<\/p>\n<p>La c\u00fapula amarilla de la San Pedro Claver, como es conocida, es una joya colonial \u00edcono de la capital bolivarense, referente y s\u00edmbolo constante en cat\u00e1logos tur\u00edsticos de la ciudad, revistas y postales, que se observar\u00e1 remozada, en una primera fase, a finales del pr\u00f3ximo mes de diciembre y cuyo costo asciende a $250 millones provenientes del impuesto al consumo de telefon\u00eda m\u00f3vil para la cultura.<\/p>\n<p>La Iglesia de San Pedro Claver en Cartagena fue ubicada recientemente en el quinto lugar por la secci\u00f3n Viajar del peri\u00f3dico El Tiempo en su especial Las 10 iglesias m\u00e1s bellas de Colombia que todos debemos conocer.<\/p>\n","protected":false},"excerpt":{"rendered":"<p>La pr\u00f3xima semana inician las obras de rehabilitaci\u00f3n de la c\u00fapula de la iglesia San Pedro Claver, en el centro hist\u00f3rico de Cartagena, proyecto presentado por el Distrito de Cartagena, priorizado y ejecutado por la Gobernaci\u00f3n de Bol\u00edvar a trav\u00e9s del Instituto de Cultura y Turismo de Bol\u00edvar, Icultur, financiado con recursos provenientes del impuesto al consumo de telefon\u00eda m\u00f3vil para la cultura y cuya ejecuci\u00f3n ser\u00e1 de dos meses. Seg\u00fan un comunicado de la Gobernaci\u00f3n de Bol\u00edvar, la emblem\u00e1tica c\u00fapula fue construida en 1923 por el arquitecto franc\u00e9s Gast\u00f3n&#8230; <\/p>\n","protected":false},"author":3,"featured_media":9384,"comment_status":"open","ping_status":"closed","sticky":false,"template":"","format":"standard","meta":{"footnotes":"","_links_to":"","_links_to_target":""},"categories":[2,33],"tags":[],"class_list":["post-9383","post","type-post","status-publish","format-standard","has-post-thumbnail","hentry","category-actualidad","category-actualidad-bolivar"],"_links":{"self":[{"href":"https:\/\/revistazetta.com\/index.php?rest_route=\/wp\/v2\/posts\/9383","targetHints":{"allow":["GET"]}}],"collection":[{"href":"https:\/\/revistazetta.com\/index.php?rest_route=\/wp\/v2\/posts"}],"about":[{"href":"https:\/\/revistazetta.com\/index.php?rest_route=\/wp\/v2\/types\/post"}],"author":[{"embeddable":true,"href":"https:\/\/revistazetta.com\/index.php?rest_route=\/wp\/v2\/users\/3"}],"replies":[{"embeddable":true,"href":"https:\/\/revistazetta.com\/index.php?rest_route=%2Fwp%2Fv2%2Fcomments&post=9383"}],"version-history":[{"count":0,"href":"https:\/\/revistazetta.com\/index.php?rest_route=\/wp\/v2\/posts\/9383\/revisions"}],"wp:featuredmedia":[{"embeddable":true,"href":"https:\/\/revistazetta.com\/index.php?rest_route=\/wp\/v2\/media\/9384"}],"wp:attachment":[{"href":"https:\/\/revistazetta.com\/index.php?rest_route=%2Fwp%2Fv2%2Fmedia&parent=9383"}],"wp:term":[{"taxonomy":"category","embeddable":true,"href":"https:\/\/revistazetta.com\/index.php?rest_route=%2Fwp%2Fv2%2Fcategories&post=9383"},{"taxonomy":"post_tag","embeddable":true,"href":"https:\/\/revistazetta.com\/index.php?rest_route=%2Fwp%2Fv2%2Ftags&post=9383"}],"curies":[{"name":"wp","href":"https:\/\/api.w.org\/{rel}","templated":true}]}}