{"id":9385,"date":"2015-10-16T07:57:22","date_gmt":"2015-10-16T12:57:22","guid":{"rendered":"http:\/\/www.revistazetta.com\/?p=9385"},"modified":"2015-10-16T07:57:22","modified_gmt":"2015-10-16T12:57:22","slug":"teniendo-abogado-propio-corte-pretendio-imponer-defensor-de-oficio-a-piedad-zuccardi","status":"publish","type":"post","link":"https:\/\/revistazetta.com\/?p=9385","title":{"rendered":"Teniendo abogado propio, Corte pretendi\u00f3 imponer defensor de oficio a Piedad Zuccardi"},"content":{"rendered":"<p>Ante la inminente violaci\u00f3n del derecho a la defensa, Piedad Zuccardi present\u00f3 una constancia en el desarrollo de la sesi\u00f3n convocada para continuar con la Audiencia Preparatoria del proceso en su contra, que deriv\u00f3 en un receso de los magistrados, mientras se resolv\u00eda el impase generado por la intervenci\u00f3n de la exsenadora.<\/p>\n<p>\u201cAntes de que se instalara oficialmente la Audiencia, a las 8.45 a.m., por parte del Se\u00f1or Presidente, abruptamente irrumpi\u00f3 en la Sala una persona que sin identificarse previamente ante el control establecido por la Corte, pretendi\u00f3 asumir como \u201cdefensor de oficio\u201d , le manifest\u00f3 Zuccardi a la Corte.<\/p>\n<p>Zuccardi rechaz\u00f3 esa actuaci\u00f3n y expres\u00f3: \u201cReitero mi decisi\u00f3n de estar acompa\u00f1ada en esta diligencia, por mi defensor de confianza Doctor William Adan Rodr\u00edguez, con quien he concurrido a las anteriores citaciones\u201d<\/p>\n<p>\u201cLa audiencia a realizarse el pasado 13 de octubre a las 4:30 p.m., que fue aplazada por razones de agenda de la corte, y en la cual se fij\u00f3 esta nueva fecha, es la tercera que se aplaza por la agenda de la corte, lo cual comprendemos\u201d, agreg\u00f3 la exsenadora.<\/p>\n<p>La Procuradur\u00eda le solicit\u00f3 a la Sala Penal que fijara con antelaci\u00f3n las fechas para las pr\u00f3ximas audiencias, con el fin de que Zuccardi tuviera garant\u00edas efectivas y no solamente formales y pudiera asistir acompa\u00f1ada de su defensor de confianza.<\/p>\n<p>Rodr\u00edguez, defensor de la exsenadora, hab\u00eda solicitado aplazamiento de la audiencia a la Corte, para atender una citaci\u00f3n en el Consejo de la Judicatura, en la misma fecha, instancia a la que deb\u00eda concurrir por una compulsa de copias en su contra promovido por la misma Sala Penal.<\/p>\n","protected":false},"excerpt":{"rendered":"<p>Ante la inminente violaci\u00f3n del derecho a la defensa, Piedad Zuccardi present\u00f3 una constancia en el desarrollo de la sesi\u00f3n convocada para continuar con la Audiencia Preparatoria del proceso en su contra, que deriv\u00f3 en un receso de los magistrados, mientras se resolv\u00eda el impase generado por la intervenci\u00f3n de la exsenadora. \u201cAntes de que se instalara oficialmente la Audiencia, a las 8.45 a.m., por parte del Se\u00f1or Presidente, abruptamente irrumpi\u00f3 en la Sala una persona que sin identificarse previamente ante el control establecido por la Corte, pretendi\u00f3 asumir como&#8230; <\/p>\n","protected":false},"author":3,"featured_media":0,"comment_status":"open","ping_status":"closed","sticky":false,"template":"","format":"standard","meta":{"footnotes":"","_links_to":"","_links_to_target":""},"categories":[2,35],"tags":[],"class_list":["post-9385","post","type-post","status-publish","format-standard","hentry","category-actualidad","category-actualidad-nacion"],"_links":{"self":[{"href":"https:\/\/revistazetta.com\/index.php?rest_route=\/wp\/v2\/posts\/9385","targetHints":{"allow":["GET"]}}],"collection":[{"href":"https:\/\/revistazetta.com\/index.php?rest_route=\/wp\/v2\/posts"}],"about":[{"href":"https:\/\/revistazetta.com\/index.php?rest_route=\/wp\/v2\/types\/post"}],"author":[{"embeddable":true,"href":"https:\/\/revistazetta.com\/index.php?rest_route=\/wp\/v2\/users\/3"}],"replies":[{"embeddable":true,"href":"https:\/\/revistazetta.com\/index.php?rest_route=%2Fwp%2Fv2%2Fcomments&post=9385"}],"version-history":[{"count":0,"href":"https:\/\/revistazetta.com\/index.php?rest_route=\/wp\/v2\/posts\/9385\/revisions"}],"wp:attachment":[{"href":"https:\/\/revistazetta.com\/index.php?rest_route=%2Fwp%2Fv2%2Fmedia&parent=9385"}],"wp:term":[{"taxonomy":"category","embeddable":true,"href":"https:\/\/revistazetta.com\/index.php?rest_route=%2Fwp%2Fv2%2Fcategories&post=9385"},{"taxonomy":"post_tag","embeddable":true,"href":"https:\/\/revistazetta.com\/index.php?rest_route=%2Fwp%2Fv2%2Ftags&post=9385"}],"curies":[{"name":"wp","href":"https:\/\/api.w.org\/{rel}","templated":true}]}}