{"id":9386,"date":"2015-10-16T08:00:20","date_gmt":"2015-10-16T13:00:20","guid":{"rendered":"http:\/\/www.revistazetta.com\/?p=9386"},"modified":"2015-10-16T08:00:20","modified_gmt":"2015-10-16T13:00:20","slug":"orbita-politica-de-john-zamora-viernes-16-de-octubre","status":"publish","type":"post","link":"https:\/\/revistazetta.com\/?p=9386","title":{"rendered":"\u00d3rbita Pol\u00edtica de John Zamora \u2013 viernes 16 de octubre"},"content":{"rendered":"<p><strong>Compa\u00f1\u00edas coyunturales<\/strong><\/p>\n<p>\u201cInepto\u201d es el calificativo m\u00e1s bajito que el representante Hernando Padau\u00ed ha tenido con la gesti\u00f3n del alcalde Dionisio V\u00e9lez. Son recordadas sus \u00e1cidas cr\u00edticas al tema de seguridad, movilidad o de animales, donde siempre el burgomaestre queda como un zapato. Y en pol\u00edtica eso como que en lugar de repeler, imana. Ahora el hermano del alcalde, Dus\u00e1n V\u00e9lez, tiene que \u201cmascar\u201d esta compa\u00f1\u00eda en el respaldo anunciado a Yolanda Wong, lo que parece que nada ha gustado en el palacio de la Aduana.<\/p>\n<p>&nbsp;<\/p>\n<p><strong>N\u00e9binson, la sorpresa<\/strong><\/p>\n<p>Por su trabajo casa a casas durante los \u00faltimos meses, y significativos respaldos que viene cosechando, N\u00e9binson Guzm\u00e1n odr\u00eda ser la gran sorpresa en la lista del partido de la U al Concejo de Cartagena. Dice que practica una pol\u00edtica dfiferente, que no tiene los recursos econ\u00f3micos de otras candidaturas, y que quiere demostrar que la seriedad y los programas son los mejores \u201cfinancistas\u201d de las campa\u00f1as honestas.<\/p>\n<p>&nbsp;<\/p>\n<p><strong>Homenaje a Am\u00e9rico Mendoza<\/strong><\/p>\n<p>La Veedur\u00eda de la Justicia e Igualdad organiz\u00f3 para este viernes un homenaje al concejal Am\u00e9rico Mendoza, por la labor adelantada los \u00faltimos cuatro a\u00f1os en el Concejo, y al que aspira ser reelegido con el N\u00ba1 del partido ASI. El acto se cumplir\u00e1 en el sal\u00f3n de eventos del Ctnro Comercial Getseman\u00ed, donde tambi\u00e9n ser\u00e1 distinguido el aspirante a la Asamblea H\u00e9ctor P\u00e9rez Fern\u00e1ndez.<\/p>\n","protected":false},"excerpt":{"rendered":"<p>Compa\u00f1\u00edas coyunturales \u201cInepto\u201d es el calificativo m\u00e1s bajito que el representante Hernando Padau\u00ed ha tenido con la gesti\u00f3n del alcalde Dionisio V\u00e9lez. Son recordadas sus \u00e1cidas cr\u00edticas al tema de seguridad, movilidad o de animales, donde siempre el burgomaestre queda como un zapato. Y en pol\u00edtica eso como que en lugar de repeler, imana. Ahora el hermano del alcalde, Dus\u00e1n V\u00e9lez, tiene que \u201cmascar\u201d esta compa\u00f1\u00eda en el respaldo anunciado a Yolanda Wong, lo que parece que nada ha gustado en el palacio de la Aduana. &nbsp; N\u00e9binson, la sorpresa&#8230; <\/p>\n","protected":false},"author":3,"featured_media":9387,"comment_status":"open","ping_status":"closed","sticky":false,"template":"","format":"standard","meta":{"footnotes":"","_links_to":"","_links_to_target":""},"categories":[47,45],"tags":[],"class_list":["post-9386","post","type-post","status-publish","format-standard","has-post-thumbnail","hentry","category-john-zamora","category-orbita"],"_links":{"self":[{"href":"https:\/\/revistazetta.com\/index.php?rest_route=\/wp\/v2\/posts\/9386","targetHints":{"allow":["GET"]}}],"collection":[{"href":"https:\/\/revistazetta.com\/index.php?rest_route=\/wp\/v2\/posts"}],"about":[{"href":"https:\/\/revistazetta.com\/index.php?rest_route=\/wp\/v2\/types\/post"}],"author":[{"embeddable":true,"href":"https:\/\/revistazetta.com\/index.php?rest_route=\/wp\/v2\/users\/3"}],"replies":[{"embeddable":true,"href":"https:\/\/revistazetta.com\/index.php?rest_route=%2Fwp%2Fv2%2Fcomments&post=9386"}],"version-history":[{"count":0,"href":"https:\/\/revistazetta.com\/index.php?rest_route=\/wp\/v2\/posts\/9386\/revisions"}],"wp:featuredmedia":[{"embeddable":true,"href":"https:\/\/revistazetta.com\/index.php?rest_route=\/wp\/v2\/media\/9387"}],"wp:attachment":[{"href":"https:\/\/revistazetta.com\/index.php?rest_route=%2Fwp%2Fv2%2Fmedia&parent=9386"}],"wp:term":[{"taxonomy":"category","embeddable":true,"href":"https:\/\/revistazetta.com\/index.php?rest_route=%2Fwp%2Fv2%2Fcategories&post=9386"},{"taxonomy":"post_tag","embeddable":true,"href":"https:\/\/revistazetta.com\/index.php?rest_route=%2Fwp%2Fv2%2Ftags&post=9386"}],"curies":[{"name":"wp","href":"https:\/\/api.w.org\/{rel}","templated":true}]}}