{"id":9389,"date":"2015-10-16T08:01:58","date_gmt":"2015-10-16T13:01:58","guid":{"rendered":"http:\/\/www.revistazetta.com\/?p=9389"},"modified":"2015-10-16T08:07:20","modified_gmt":"2015-10-16T13:07:20","slug":"serpa-y-gaviria-con-dumek","status":"publish","type":"post","link":"https:\/\/revistazetta.com\/?p=9389","title":{"rendered":"Serpa y Gaviria con Dumek"},"content":{"rendered":"<p>El encuentro se realizar\u00e1 a las 2 de la tarde de este viernes frente a la Instituci\u00f3n Educativa Jes\u00fas Maestro en el barrio Nelson Mandela, donde estar\u00e1n el presidente y director del Partido Liberal Horacio Serpa Uribe y el expresidente de la Rep\u00fablica de Colombia Cesar Gaviria Trujillo acompa\u00f1ando a Dumek Turbay Paz, candidato a la Gobernaci\u00f3n de Bol\u00edvar con el fin de dialogar con varias asociaciones de v\u00edctimas.<\/p>\n<p>El evento, Dumek Turbay lanzar\u00e1 su mensaje de compromiso y apoyo a las 400.000 v\u00edctimas del conflicto residentes en el departamento de Bol\u00edvar y su absoluto respaldo al Proceso de Paz y a las acciones de gobierno para el Postconflicto.<\/p>\n<p>Cartagena y el barrio Nelson Mandela fueron los escogidos para que las organizaciones de v\u00edctimas de municipios bolivarenses como Marialabaja, San Jacinto, Magangu\u00e9, El Carmen de Bol\u00edvar y Cartagena puedan trabajar de la mano de Dumek en la b\u00fasqueda de oportunidades en el postconflicto. Recordemos que Cartagena es una de las ciudades con mayores tasas de recepci\u00f3n de desplazados por la violencia, por estar ubicada cerca a zonas que han vivido de manera cruda el conflicto armado, como los Montes de Mar\u00eda, el centro y sur del Departamento de Bol\u00edvar y los departamentos de Sucre y C\u00f3rdoba.<\/p>\n<p>Precisamente, el plan de Gobierno de Dumek plantea su compromiso absoluto con la paz y el postconflicto a trav\u00e9s de lo que ha denominado la Seguridad Humana con acciones concretas que pretenden apoyar y replicar acciones lideradas por el Gobierno Nacional en b\u00fasqueda de la resoluci\u00f3n del conflicto armado que ha golpeado por a\u00f1os varias regiones del departamento de Bol\u00edvar y de la regi\u00f3n Caribe.<\/p>\n","protected":false},"excerpt":{"rendered":"<p>El encuentro se realizar\u00e1 a las 2 de la tarde de este viernes frente a la Instituci\u00f3n Educativa Jes\u00fas Maestro en el barrio Nelson Mandela, donde estar\u00e1n el presidente y director del Partido Liberal Horacio Serpa Uribe y el expresidente de la Rep\u00fablica de Colombia Cesar Gaviria Trujillo acompa\u00f1ando a Dumek Turbay Paz, candidato a la Gobernaci\u00f3n de Bol\u00edvar con el fin de dialogar con varias asociaciones de v\u00edctimas. El evento, Dumek Turbay lanzar\u00e1 su mensaje de compromiso y apoyo a las 400.000 v\u00edctimas del conflicto residentes en el departamento&#8230; <\/p>\n","protected":false},"author":3,"featured_media":9390,"comment_status":"open","ping_status":"closed","sticky":false,"template":"","format":"standard","meta":{"footnotes":"","_links_to":"","_links_to_target":""},"categories":[26,4],"tags":[],"class_list":["post-9389","post","type-post","status-publish","format-standard","has-post-thumbnail","hentry","category-politica-noticias","category-politica"],"_links":{"self":[{"href":"https:\/\/revistazetta.com\/index.php?rest_route=\/wp\/v2\/posts\/9389","targetHints":{"allow":["GET"]}}],"collection":[{"href":"https:\/\/revistazetta.com\/index.php?rest_route=\/wp\/v2\/posts"}],"about":[{"href":"https:\/\/revistazetta.com\/index.php?rest_route=\/wp\/v2\/types\/post"}],"author":[{"embeddable":true,"href":"https:\/\/revistazetta.com\/index.php?rest_route=\/wp\/v2\/users\/3"}],"replies":[{"embeddable":true,"href":"https:\/\/revistazetta.com\/index.php?rest_route=%2Fwp%2Fv2%2Fcomments&post=9389"}],"version-history":[{"count":0,"href":"https:\/\/revistazetta.com\/index.php?rest_route=\/wp\/v2\/posts\/9389\/revisions"}],"wp:featuredmedia":[{"embeddable":true,"href":"https:\/\/revistazetta.com\/index.php?rest_route=\/wp\/v2\/media\/9390"}],"wp:attachment":[{"href":"https:\/\/revistazetta.com\/index.php?rest_route=%2Fwp%2Fv2%2Fmedia&parent=9389"}],"wp:term":[{"taxonomy":"category","embeddable":true,"href":"https:\/\/revistazetta.com\/index.php?rest_route=%2Fwp%2Fv2%2Fcategories&post=9389"},{"taxonomy":"post_tag","embeddable":true,"href":"https:\/\/revistazetta.com\/index.php?rest_route=%2Fwp%2Fv2%2Ftags&post=9389"}],"curies":[{"name":"wp","href":"https:\/\/api.w.org\/{rel}","templated":true}]}}