{"id":9391,"date":"2015-10-16T08:08:47","date_gmt":"2015-10-16T13:08:47","guid":{"rendered":"http:\/\/www.revistazetta.com\/?p=9391"},"modified":"2015-10-16T08:08:47","modified_gmt":"2015-10-16T13:08:47","slug":"andres-betancourt-firme-hasta-el-final","status":"publish","type":"post","link":"https:\/\/revistazetta.com\/?p=9391","title":{"rendered":"Andr\u00e9s Betancourt: firme hasta el final"},"content":{"rendered":"<p>Manifest\u00f3 que no declinar\u00e1 su candidatura a la Alcald\u00eda \u201cIremos hasta el final, no estoy pensando en unirme a ning\u00fan candidato\u201d: Andr\u00e9s Betancourt El l\u00edder del grupo significativo de ciudadanos \u201cCartagena Confirma\u201d, Andr\u00e9s Betancourt Gonz\u00e1lez, desminti\u00f3 los rumores que se vienen difundiendo desde ayer sobre una eventual declinaci\u00f3n de su candidatura para unirse al candidato de &#8216;Primero la Gente&#8217;. \u201cNuestra decisi\u00f3n es ir hasta el final; no es cierto que haya pensado en unirme a ning\u00fan candidato. Respeto las campa\u00f1as pol\u00edticas de mis contendores, pero la Selecci\u00f3n Cartagena y yo que seguiremos trabajando para llegar a la Alcald\u00eda de Cartagena este 25 de Octubre\u201d, manifest\u00f3 Betancourt Gonz\u00e1lez. Ante la ligereza de un portal digital de informaci\u00f3n pol\u00edtica que asegur\u00f3 que Andr\u00e9s Betancourt Gonz\u00e1lez se unir\u00eda en las pr\u00f3ximas horas al candidato del movimiento \u2018Primero La Gente\u2019, el l\u00edder de &#8216;Cartagena Confirma&#8217; fue claro en se\u00f1alar que \u00ablamentablemente el manejo de la informaci\u00f3n de algunos medios de la ciudad no es veraz; eso es enga\u00f1ar a los lectores; nosotros no hemos emitido ninguna informaci\u00f3n al respecto\u00bb. \u00abEl movimiento ciudadano que lidero es una realidad pol\u00edtica en Cartagena, construida por numerosas personas que luchan por el verdadero cambio en las costumbres pol\u00edticas, y a esas personas le debemos nuestra candidatura; a nadie m\u00e1s\u2019, asegur\u00f3 Betancourt. Andr\u00e9s Betancourt Gonz\u00e1lez continua su agenda de recorridos por la ciudad, activando a sus l\u00edderes barriales, visitando los equipos de trabajo integrados en cada Unidad Comunera de Gobierno, y se prepara para tomarse con ellos varios puntos de Cartagena con diferentes caminatas y actividades.<\/p>\n","protected":false},"excerpt":{"rendered":"<p>Manifest\u00f3 que no declinar\u00e1 su candidatura a la Alcald\u00eda \u201cIremos hasta el final, no estoy pensando en unirme a ning\u00fan candidato\u201d: Andr\u00e9s Betancourt El l\u00edder del grupo significativo de ciudadanos \u201cCartagena Confirma\u201d, Andr\u00e9s Betancourt Gonz\u00e1lez, desminti\u00f3 los rumores que se vienen difundiendo desde ayer sobre una eventual declinaci\u00f3n de su candidatura para unirse al candidato de &#8216;Primero la Gente&#8217;. \u201cNuestra decisi\u00f3n es ir hasta el final; no es cierto que haya pensado en unirme a ning\u00fan candidato. Respeto las campa\u00f1as pol\u00edticas de mis contendores, pero la Selecci\u00f3n Cartagena y yo&#8230; <\/p>\n","protected":false},"author":3,"featured_media":9392,"comment_status":"open","ping_status":"closed","sticky":false,"template":"","format":"standard","meta":{"footnotes":"","_links_to":"","_links_to_target":""},"categories":[26,4],"tags":[],"class_list":["post-9391","post","type-post","status-publish","format-standard","has-post-thumbnail","hentry","category-politica-noticias","category-politica"],"_links":{"self":[{"href":"https:\/\/revistazetta.com\/index.php?rest_route=\/wp\/v2\/posts\/9391","targetHints":{"allow":["GET"]}}],"collection":[{"href":"https:\/\/revistazetta.com\/index.php?rest_route=\/wp\/v2\/posts"}],"about":[{"href":"https:\/\/revistazetta.com\/index.php?rest_route=\/wp\/v2\/types\/post"}],"author":[{"embeddable":true,"href":"https:\/\/revistazetta.com\/index.php?rest_route=\/wp\/v2\/users\/3"}],"replies":[{"embeddable":true,"href":"https:\/\/revistazetta.com\/index.php?rest_route=%2Fwp%2Fv2%2Fcomments&post=9391"}],"version-history":[{"count":0,"href":"https:\/\/revistazetta.com\/index.php?rest_route=\/wp\/v2\/posts\/9391\/revisions"}],"wp:featuredmedia":[{"embeddable":true,"href":"https:\/\/revistazetta.com\/index.php?rest_route=\/wp\/v2\/media\/9392"}],"wp:attachment":[{"href":"https:\/\/revistazetta.com\/index.php?rest_route=%2Fwp%2Fv2%2Fmedia&parent=9391"}],"wp:term":[{"taxonomy":"category","embeddable":true,"href":"https:\/\/revistazetta.com\/index.php?rest_route=%2Fwp%2Fv2%2Fcategories&post=9391"},{"taxonomy":"post_tag","embeddable":true,"href":"https:\/\/revistazetta.com\/index.php?rest_route=%2Fwp%2Fv2%2Ftags&post=9391"}],"curies":[{"name":"wp","href":"https:\/\/api.w.org\/{rel}","templated":true}]}}