{"id":9514,"date":"2015-10-23T01:06:42","date_gmt":"2015-10-23T06:06:42","guid":{"rendered":"http:\/\/www.revistazetta.com\/?p=9514"},"modified":"2015-10-23T01:06:42","modified_gmt":"2015-10-23T06:06:42","slug":"este-domingo-todos-a-votar","status":"publish","type":"post","link":"https:\/\/revistazetta.com\/?p=9514","title":{"rendered":"Este domingo todos a votar"},"content":{"rendered":"<p><strong>Por Nadia Blel Scaff (Senadora de la Rep\u00fablica)<\/strong>.- El pr\u00f3ximo 25 de octubre es\u00a0 la oportunidad de elegir a Gobernadores, Alcaldes, Diputados, Concejales y Ediles de todo el pa\u00eds para el periodo 2016 \u2013 2019<\/p>\n<p>Votar nos permite tomar la decisi\u00f3n de escoger a las personas que trabajar\u00e1n por el progreso de nuestras ciudades, nuestros departamentos y nuestro pa\u00eds; por eso este fin de semana debemos pensar en los cambios que vendr\u00e1n para los pr\u00f3ximos 4 a\u00f1os en Cartagena y el departamento del Bol\u00edvar.<\/p>\n<p>Todos debemos definir este domingo qui\u00e9nes ser\u00e1n las personas que tomar\u00e1n las decisiones m\u00e1s importantes en temas de salud, educaci\u00f3n, deporte, movilidad, inversi\u00f3n, seguridad y turismo de la ciudad y el departamento.<\/p>\n<p>Quienes sean escogidos deber\u00e1n encabezar los cambios y avances que necesitamos para el progreso;\u00a0 l\u00edderes comprometidos a trabajar por y para la gente, con toda la\u00a0 responsabilidad y preparaci\u00f3n que estos cargos ameritan.<\/p>\n<p>Para la Alcald\u00eda el candidato conservador Antonio Quinto Guerra ofrece ideas serias y busca las soluciones que Cartagena requiere para seguir siendo una de las ciudades m\u00e1s importantes de Colombia. \u00c9l que ha trabajado toda su vida por a esta ciudad y sabe perfectamente que a\u00fan falta m\u00e1s por hacer para mejorar la calidad de vida de los cartageneros.<\/p>\n<p>Pero este domingo en las elecciones tenemos el compromiso de pensar no s\u00f3lo en nuestras ciudades sino tambi\u00e9n en nuestro departamento. Bol\u00edvar necesita una persona preocupada por el progreso a trav\u00e9s de la uni\u00f3n y el trabajo de todos.<\/p>\n<p>Entre los candidatos, Dumek Turbay es el hombre comprometido y preparado que el departamento necesita. Con su experiencia en cargos como Concejal Municipal, Secretario de Gobierno Alcald\u00eda de Cartagena y \u00a0Secretario del Interior y Convivencia Alcald\u00eda de Cartagena, entre otros, cuenta con las herramientas para hacer avanzar nuestro departamento haci\u00e9ndolo m\u00e1s inclusivo y sostenible<\/p>\n<p>Por eso, este domingo los invito a votar activamente, a conciencia y de manera responsable. El voto no es una elecci\u00f3n, es una decisi\u00f3n por el futuro y por los cambios que nuestra ciudad y departamento necesitan.<\/p>\n","protected":false},"excerpt":{"rendered":"<p>Por Nadia Blel Scaff (Senadora de la Rep\u00fablica).- El pr\u00f3ximo 25 de octubre es\u00a0 la oportunidad de elegir a Gobernadores, Alcaldes, Diputados, Concejales y Ediles de todo el pa\u00eds para el periodo 2016 \u2013 2019 Votar nos permite tomar la decisi\u00f3n de escoger a las personas que trabajar\u00e1n por el progreso de nuestras ciudades, nuestros departamentos y nuestro pa\u00eds; por eso este fin de semana debemos pensar en los cambios que vendr\u00e1n para los pr\u00f3ximos 4 a\u00f1os en Cartagena y el departamento del Bol\u00edvar. Todos debemos definir este domingo qui\u00e9nes&#8230; <\/p>\n","protected":false},"author":4,"featured_media":9508,"comment_status":"open","ping_status":"closed","sticky":false,"template":"","format":"standard","meta":{"footnotes":"","_links_to":"","_links_to_target":""},"categories":[44,65],"tags":[],"class_list":["post-9514","post","type-post","status-publish","format-standard","has-post-thumbnail","hentry","category-materiagris","category-opinion"],"_links":{"self":[{"href":"https:\/\/revistazetta.com\/index.php?rest_route=\/wp\/v2\/posts\/9514","targetHints":{"allow":["GET"]}}],"collection":[{"href":"https:\/\/revistazetta.com\/index.php?rest_route=\/wp\/v2\/posts"}],"about":[{"href":"https:\/\/revistazetta.com\/index.php?rest_route=\/wp\/v2\/types\/post"}],"author":[{"embeddable":true,"href":"https:\/\/revistazetta.com\/index.php?rest_route=\/wp\/v2\/users\/4"}],"replies":[{"embeddable":true,"href":"https:\/\/revistazetta.com\/index.php?rest_route=%2Fwp%2Fv2%2Fcomments&post=9514"}],"version-history":[{"count":0,"href":"https:\/\/revistazetta.com\/index.php?rest_route=\/wp\/v2\/posts\/9514\/revisions"}],"wp:featuredmedia":[{"embeddable":true,"href":"https:\/\/revistazetta.com\/index.php?rest_route=\/wp\/v2\/media\/9508"}],"wp:attachment":[{"href":"https:\/\/revistazetta.com\/index.php?rest_route=%2Fwp%2Fv2%2Fmedia&parent=9514"}],"wp:term":[{"taxonomy":"category","embeddable":true,"href":"https:\/\/revistazetta.com\/index.php?rest_route=%2Fwp%2Fv2%2Fcategories&post=9514"},{"taxonomy":"post_tag","embeddable":true,"href":"https:\/\/revistazetta.com\/index.php?rest_route=%2Fwp%2Fv2%2Ftags&post=9514"}],"curies":[{"name":"wp","href":"https:\/\/api.w.org\/{rel}","templated":true}]}}