{"id":9747,"date":"2015-11-26T10:11:00","date_gmt":"2015-11-26T15:11:00","guid":{"rendered":"http:\/\/www.revistazetta.com\/?p=9747"},"modified":"2015-11-26T10:11:00","modified_gmt":"2015-11-26T15:11:00","slug":"asamblea-abre-convocatoria-para-elegir-contralor-departamental","status":"publish","type":"post","link":"https:\/\/revistazetta.com\/?p=9747","title":{"rendered":"Asamblea abre convocatoria para elegir Contralor Departamental"},"content":{"rendered":"<p>La Asamblea Departamental abri\u00f3 la convocatoria para el proceso de selecci\u00f3n de un nuevo Contralor Departamental.<\/p>\n<p>Seg\u00fan un proyecto de ordenanza presentado por el presidente de la Corporaci\u00f3n, Jorge Rodr\u00edguez Sosa, se introduce una modificaci\u00f3n al reglamento que rige a la Asamblea con el fin de propiciar esta convocatoria abierta.<\/p>\n<p>Mediante resoluci\u00f3n 4254 expedida este 25 de noviembre, qued\u00f3 abierta la posibilidad para todas aquellas personas que deseen postularse al cargo y que cumplan con los requisitos y procedimientos establecidos.<\/p>\n<p>Los requisitos m\u00ednimos es ser colombiano, ciudadano en ejercicio, mayor de 25 a\u00f1os, con t\u00edtulo universitario y experiencia m\u00ednima de dos a\u00f1os en funciones p\u00fablicas. No podr\u00e1 ser contralor quien haya sido diputado o funcionario departamental en el \u00faltimo a\u00f1o.<\/p>\n<p>El proceso se abri\u00f3 con esta convocatoria, y despu\u00e9s se verificar\u00e1n todos los requisitos de los aspirantes debidamente inscritos. Luego se publicar\u00e1 la lista de admitidos e inadmitidos, tras lo cual se aplicar\u00e1 una prueba de conocimiento, valoraci\u00f3n de estudios y experiencia. El proceso finaliza con la lista de elegibles, la intervenci\u00f3n de estos ante la plenaria de la Asamblea. En los primeros diez d\u00edas de enero de 2016 se elegir\u00e1 al Contralor Departamental.<\/p>\n","protected":false},"excerpt":{"rendered":"<p>La Asamblea Departamental abri\u00f3 la convocatoria para el proceso de selecci\u00f3n de un nuevo Contralor Departamental. Seg\u00fan un proyecto de ordenanza presentado por el presidente de la Corporaci\u00f3n, Jorge Rodr\u00edguez Sosa, se introduce una modificaci\u00f3n al reglamento que rige a la Asamblea con el fin de propiciar esta convocatoria abierta. Mediante resoluci\u00f3n 4254 expedida este 25 de noviembre, qued\u00f3 abierta la posibilidad para todas aquellas personas que deseen postularse al cargo y que cumplan con los requisitos y procedimientos establecidos. Los requisitos m\u00ednimos es ser colombiano, ciudadano en ejercicio, mayor&#8230; <\/p>\n","protected":false},"author":3,"featured_media":9750,"comment_status":"open","ping_status":"closed","sticky":false,"template":"","format":"standard","meta":{"footnotes":"","_links_to":"","_links_to_target":""},"categories":[28,4],"tags":[],"class_list":["post-9747","post","type-post","status-publish","format-standard","has-post-thumbnail","hentry","category-politica-asamblea","category-politica"],"_links":{"self":[{"href":"https:\/\/revistazetta.com\/index.php?rest_route=\/wp\/v2\/posts\/9747","targetHints":{"allow":["GET"]}}],"collection":[{"href":"https:\/\/revistazetta.com\/index.php?rest_route=\/wp\/v2\/posts"}],"about":[{"href":"https:\/\/revistazetta.com\/index.php?rest_route=\/wp\/v2\/types\/post"}],"author":[{"embeddable":true,"href":"https:\/\/revistazetta.com\/index.php?rest_route=\/wp\/v2\/users\/3"}],"replies":[{"embeddable":true,"href":"https:\/\/revistazetta.com\/index.php?rest_route=%2Fwp%2Fv2%2Fcomments&post=9747"}],"version-history":[{"count":0,"href":"https:\/\/revistazetta.com\/index.php?rest_route=\/wp\/v2\/posts\/9747\/revisions"}],"wp:featuredmedia":[{"embeddable":true,"href":"https:\/\/revistazetta.com\/index.php?rest_route=\/wp\/v2\/media\/9750"}],"wp:attachment":[{"href":"https:\/\/revistazetta.com\/index.php?rest_route=%2Fwp%2Fv2%2Fmedia&parent=9747"}],"wp:term":[{"taxonomy":"category","embeddable":true,"href":"https:\/\/revistazetta.com\/index.php?rest_route=%2Fwp%2Fv2%2Fcategories&post=9747"},{"taxonomy":"post_tag","embeddable":true,"href":"https:\/\/revistazetta.com\/index.php?rest_route=%2Fwp%2Fv2%2Ftags&post=9747"}],"curies":[{"name":"wp","href":"https:\/\/api.w.org\/{rel}","templated":true}]}}