{"id":9771,"date":"2015-11-30T06:19:39","date_gmt":"2015-11-30T11:19:39","guid":{"rendered":"http:\/\/www.revistazetta.com\/?p=9771"},"modified":"2015-11-30T06:19:39","modified_gmt":"2015-11-30T11:19:39","slug":"por-la-via-correcta","status":"publish","type":"post","link":"https:\/\/revistazetta.com\/?p=9771","title":{"rendered":"Por la v\u00eda correcta"},"content":{"rendered":"<p style=\"text-align: center;\"><em><strong>Por Alfredo Ram\u00f3n Bula Dumar (Especial para Revista Zetta)<\/strong><\/em><\/p>\n<p style=\"text-align: center;\"><em><strong>Gerente General FONADE<\/strong><\/em><\/p>\n<p>Colombia ha emprendido una cruzada sin antecedentes para transformar la realidad de sus habitantes y mejorar su calidad de vida, tal y como pas\u00f3 con do\u00f1a Elsy y muchos otros habitantes de este municipio, quienes sintieron un cambio real una vez se paviment\u00f3 en concreto la malla vial urbana.<\/p>\n<p>Vivimos en una \u00e9poca clave de nuestra historia y estamos todos trabajando de manera articulada, desde el sector privado y p\u00fablico, para construir un pa\u00eds en paz y pr\u00f3spero. Las locomotoras del desarrollo siguen andando a pesar de las volatilidades y coyunturas propias de una naci\u00f3n tan diversa como esta.<\/p>\n<p>Hemos firmado numerosos tratados de libre comercio, nos encontramos ubicados en una regi\u00f3n que a\u00fan mantiene proyecciones de crecimiento, aunque no tan alentadoras como se preve\u00eda, seguimos siendo un importante foco de inversi\u00f3n extranjera y lo m\u00e1s importante, contamos con regiones productivas con mucho potencial, lo cual hace necesario crear toda una infraestructura vial acorde a los desaf\u00edos a los que nos enfrentamos hoy.<\/p>\n<p>Do\u00f1a Elsy, habitante del municipio de Galapa, Atl\u00e1ntico, nunca hab\u00eda podido salir de su casa con sus zapatos puestos para asistir a la misa dominical. Era tanto el barro y el polvo acumulado por a\u00f1os y a\u00f1os de un camino destapado, que ten\u00eda que sacarlos dentro de una bolsa para pon\u00e9rselos tan pronto llegara al templo. Tal vez ese camino polvoroso fue la realidad del pa\u00eds hasta hace apenas unos a\u00f1os, cuando parec\u00eda una utop\u00eda la revoluci\u00f3n que estamos viviendo hoy en d\u00eda en materia de infraestructura y desarrollo.<\/p>\n<p>Entendiendo esta realidad, no cabe duda que las sinergias que se generen entre los protagonistas pueden hacer la diferencia para poder llegar a buen puerto. En ese sentido la figura de Asociaciones P\u00fablico \u2013 Privadas (APP) ha sido de gran ayuda para apalancar todos los proyectos y darle luz verde a todas las iniciativas. Por ejemplo, Fonade, en su prop\u00f3sito de servir de articulador y movilizar recursos, firm\u00f3 un convenio con la Alcald\u00eda de Medell\u00edn a trav\u00e9s de la Agencia de Asociaciones P\u00fablico \u2013 Privadas (APP) de Medell\u00edn. Esto para estructurar, evaluar y validar proyectos de como colegios, infraestructuras productivas, v\u00edas urbanas, trenes de pasajeros,\u00a0 parques y coliseos, entre otros.<\/p>\n<p>En asocio con la Agencia Nacional de Infraestructura, se elaboraron los estudios que permitieron la cuarta generaci\u00f3n de concesiones viales por medio de las APP. La experiencia adquirida nos ha permitido ser actualmente el \u00fanico estructurador p\u00fablico con siete adjudicaciones, con lo cual aportamos a la creaci\u00f3n de corredores viales por valores superiores a los 20 billones de pesos, entre otros.<\/p>\n<p>En Fonade y obedeciendo al cumplimiento de nuestra misi\u00f3n, gerenciamos, estructuramos, gestionamos y evaluamos proyectos que se materializan entre otros, en placa huellas en municipios, pavimentaciones en tramos en varias localidades del pa\u00eds para el DPS, construcci\u00f3n de\u00a0Centros de Desarrollo Infantil \u2013CDI- con el ICBF y la Federaci\u00f3n Colombiana de Municipios, y para el SENA, exitosamente gerenciamos el proyecto Fondo Emprender. SUPERATE.<\/p>\n<p>En la capital, hemos firmado convenios con el Instituto de Desarrollo Urbano \u2013 IDU, para la evaluaci\u00f3n de dos trascendentales proyectos: la Iniciativa privada que pretende la construcci\u00f3n de la Avenida Longitudinal de Occidente, para conectar dos puntos estrat\u00e9gicos de la ciudad aminorando los tiempos de desplazamiento y armonizando el entorno urbano y un segundo proyecto conectar\u00e1 el noroccidente de la capital con la Sabana de Bogot\u00e1, llegando hasta el municipio de Cota.<\/p>\n<p>Integramos un equipo de expertos, contactamos a las principales bancas de inversi\u00f3n del pa\u00eds y representantes de las extranjeras para integrar sistemas de precalificaci\u00f3n, que permitan atender la demanda de la Naci\u00f3n y del sector privado de forma r\u00e1pida y eficiente. Tambi\u00e9n hemos propuesto a varios ministerios impulsar iniciativas como la construcci\u00f3n de c\u00e1rceles, colegios, infraestructura de internet, hospitales y centros deportivos a trav\u00e9s de las APP.<\/p>\n<p>Nuestra meta, es continuar siendo el aliado clave en los proyectos de desarrollo del Gobierno Nacional cumpliendo con las funciones que nuestra Entidad tiene enmarcadas en el Plan Nacional de Desarrollo.<\/p>\n<p>En todo este proceso de lograr un progreso sostenible ha sido fundamental reconocer las diferencias propias del pa\u00eds y entender las necesidades espec\u00edficas, para a partir de all\u00ed planear la correcta ejecuci\u00f3n de los recursos, respetando siempre el medio ambiente, la vida y el entorno.<\/p>\n<p>La meta para lo que resta del a\u00f1o es que podamos ser parte del desarrollo nacional entregando. De esta manera, con la vinculaci\u00f3n de todos los actores podemos darles a las personas como do\u00f1a Elsy, en Galapa, una mejor vida y un mejor entorno. Esta es la tarea que hemos emprendido todos unidos: llevarle desarrollo a los colombianos para que lo disfruten de primera mano y transformar vidas sin importar en qu\u00e9 lugar del territorio nacional se encuentren, para as\u00ed posicionar a Colombia como un pa\u00eds equitativo, educado y en paz.<\/p>\n<p>&nbsp;<\/p>\n","protected":false},"excerpt":{"rendered":"<p>Por Alfredo Ram\u00f3n Bula Dumar (Especial para Revista Zetta) Gerente General FONADE Colombia ha emprendido una cruzada sin antecedentes para transformar la realidad de sus habitantes y mejorar su calidad de vida, tal y como pas\u00f3 con do\u00f1a Elsy y muchos otros habitantes de este municipio, quienes sintieron un cambio real una vez se paviment\u00f3 en concreto la malla vial urbana. Vivimos en una \u00e9poca clave de nuestra historia y estamos todos trabajando de manera articulada, desde el sector privado y p\u00fablico, para construir un pa\u00eds en paz y pr\u00f3spero&#8230;. <\/p>\n","protected":false},"author":3,"featured_media":9772,"comment_status":"open","ping_status":"closed","sticky":false,"template":"","format":"standard","meta":{"footnotes":"","_links_to":"","_links_to_target":""},"categories":[44,65],"tags":[],"class_list":["post-9771","post","type-post","status-publish","format-standard","has-post-thumbnail","hentry","category-materiagris","category-opinion"],"_links":{"self":[{"href":"https:\/\/revistazetta.com\/index.php?rest_route=\/wp\/v2\/posts\/9771","targetHints":{"allow":["GET"]}}],"collection":[{"href":"https:\/\/revistazetta.com\/index.php?rest_route=\/wp\/v2\/posts"}],"about":[{"href":"https:\/\/revistazetta.com\/index.php?rest_route=\/wp\/v2\/types\/post"}],"author":[{"embeddable":true,"href":"https:\/\/revistazetta.com\/index.php?rest_route=\/wp\/v2\/users\/3"}],"replies":[{"embeddable":true,"href":"https:\/\/revistazetta.com\/index.php?rest_route=%2Fwp%2Fv2%2Fcomments&post=9771"}],"version-history":[{"count":0,"href":"https:\/\/revistazetta.com\/index.php?rest_route=\/wp\/v2\/posts\/9771\/revisions"}],"wp:featuredmedia":[{"embeddable":true,"href":"https:\/\/revistazetta.com\/index.php?rest_route=\/wp\/v2\/media\/9772"}],"wp:attachment":[{"href":"https:\/\/revistazetta.com\/index.php?rest_route=%2Fwp%2Fv2%2Fmedia&parent=9771"}],"wp:term":[{"taxonomy":"category","embeddable":true,"href":"https:\/\/revistazetta.com\/index.php?rest_route=%2Fwp%2Fv2%2Fcategories&post=9771"},{"taxonomy":"post_tag","embeddable":true,"href":"https:\/\/revistazetta.com\/index.php?rest_route=%2Fwp%2Fv2%2Ftags&post=9771"}],"curies":[{"name":"wp","href":"https:\/\/api.w.org\/{rel}","templated":true}]}}