{"id":9785,"date":"2015-11-30T06:41:02","date_gmt":"2015-11-30T11:41:02","guid":{"rendered":"http:\/\/www.revistazetta.com\/?p=9785"},"modified":"2015-11-30T06:41:02","modified_gmt":"2015-11-30T11:41:02","slug":"atras-la-flojera-corriendo-es-la-vaina","status":"publish","type":"post","link":"https:\/\/revistazetta.com\/?p=9785","title":{"rendered":"Atr\u00e1s la flojera:\u00a0\u00a1Corriendo es la vaina!"},"content":{"rendered":"<p><strong><a href=\"https:\/\/www.revistazetta.com\/wp-content\/uploads\/2015\/11\/Corriendo-44.jpg\"><img loading=\"lazy\" decoding=\"async\" class=\" size-medium wp-image-9786 alignright\" src=\"https:\/\/www.revistazetta.com\/wp-content\/uploads\/2015\/11\/Corriendo-44-300x240.jpg\" alt=\"Corriendo 44\" width=\"300\" height=\"240\" srcset=\"https:\/\/revistazetta.com\/wp-content\/uploads\/2015\/11\/Corriendo-44-300x240.jpg 300w, https:\/\/revistazetta.com\/wp-content\/uploads\/2015\/11\/Corriendo-44.jpg 600w\" sizes=\"auto, (max-width: 300px) 100vw, 300px\" \/><\/a>Por JORGE ACEVEDO.-\u00a0<\/strong><strong>Especial para Revista Zetta.-\u00a0<\/strong>Somos un grupo de apasionados por el \u201crunning\u201d que lideramos el movimiento sin \u00e1nimo de lucro \u201cCorriendo es la Vaina\u201d, que tiene como objetivo promover h\u00e1bitos de vida saludable donde correr es nuestra identidad, motor de vida, constructor de una mejor sociedad, con ganas de compartir nuestro conocimiento, experiencias, consejos y vivencias de esta actividad que nos une y disfrutamos.<\/p>\n<p>Dentro de nuestros objetivos esta integrar los grupos de corredores que ya existen en la ciudad, algunos organizados como los Humanistas (Barrio el Recreo), los de Canapote y Mart\u00ednez Martelo y otros no tan organizados o corredores solitarios de barrios como Manga, Bocagrande, Castillogrande, entre otros.<\/p>\n<p>Correr es una pr\u00e1ctica solitaria por naturaleza pero para iniciar y mantenerse en ella, las salidas grupales y de acompa\u00f1amiento son definitivas para evitar la deserci\u00f3n de sus nuevos practicantes, es por ello que los cinco miembros fundadores del movimiento est\u00e1n organizando salidas de apoyo con cierta frecuencia para todas estas personas que est\u00e1n comenzando a correr.<\/p>\n<p>El pr\u00f3ximo martes 8 de diciembre, a las 6 de la tarde, estamos invitando a una salida nocturna que tiene como punto de salida y llegada la zona exterior del centro comercial Plaza Boca Grande y cuya caracter\u00edstica principal es recreativa, corriendo suave para ir en grupo: salimos juntos y llegamos juntos. Recorreremos el Centro amurallado (plazas y monumentos) y regresamos al centro comercial. Todos llevaremos luces por ser el d\u00eda de las velitas, y tendremos dos puntos de hidrataci\u00f3n en el recorrido. Los interesados nos pueden contactar enviando un mail a <a href=\"mailto:corriendoeslavaina@gmail.com\">corriendoeslavaina@gmail.com<\/a><\/p>\n<p>\u201cCorriendo es la Vaina\u201d quiere agradecer a empresas como Ingesaenz, Promar y Comfenalco que han patrocinado las camisetas oficiales para ser donadas a corredores de toda la ciudad como un peque\u00f1o reconocimiento a su dedicaci\u00f3n en la pr\u00e1ctica de esta actividad.<\/p>\n<p>Tambi\u00e9n agradecemos para la salida del 8 de diciembre al Centro Comercial Plaza Boca Grande y los medios de comunicaci\u00f3n que apoyaron en la divulgaci\u00f3n.<\/p>\n<p>Los invitamos a seguirnos en las redes sociales:<\/p>\n<p>Instagram : @corriendoeslavaina<\/p>\n<p>Facebook Fan Page : corriendo es la vaina<\/p>\n<p>Twitter: @corriendoeslav1<\/p>\n<p>&nbsp;<\/p>\n","protected":false},"excerpt":{"rendered":"<p>Por JORGE ACEVEDO.-\u00a0Especial para Revista Zetta.-\u00a0Somos un grupo de apasionados por el \u201crunning\u201d que lideramos el movimiento sin \u00e1nimo de lucro \u201cCorriendo es la Vaina\u201d, que tiene como objetivo promover h\u00e1bitos de vida saludable donde correr es nuestra identidad, motor de vida, constructor de una mejor sociedad, con ganas de compartir nuestro conocimiento, experiencias, consejos y vivencias de esta actividad que nos une y disfrutamos. Dentro de nuestros objetivos esta integrar los grupos de corredores que ya existen en la ciudad, algunos organizados como los Humanistas (Barrio el Recreo), los&#8230; <\/p>\n","protected":false},"author":3,"featured_media":9776,"comment_status":"open","ping_status":"closed","sticky":false,"template":"","format":"standard","meta":{"footnotes":"","_links_to":"","_links_to_target":""},"categories":[53],"tags":[],"class_list":["post-9785","post","type-post","status-publish","format-standard","has-post-thumbnail","hentry","category-deportes"],"_links":{"self":[{"href":"https:\/\/revistazetta.com\/index.php?rest_route=\/wp\/v2\/posts\/9785","targetHints":{"allow":["GET"]}}],"collection":[{"href":"https:\/\/revistazetta.com\/index.php?rest_route=\/wp\/v2\/posts"}],"about":[{"href":"https:\/\/revistazetta.com\/index.php?rest_route=\/wp\/v2\/types\/post"}],"author":[{"embeddable":true,"href":"https:\/\/revistazetta.com\/index.php?rest_route=\/wp\/v2\/users\/3"}],"replies":[{"embeddable":true,"href":"https:\/\/revistazetta.com\/index.php?rest_route=%2Fwp%2Fv2%2Fcomments&post=9785"}],"version-history":[{"count":0,"href":"https:\/\/revistazetta.com\/index.php?rest_route=\/wp\/v2\/posts\/9785\/revisions"}],"wp:featuredmedia":[{"embeddable":true,"href":"https:\/\/revistazetta.com\/index.php?rest_route=\/wp\/v2\/media\/9776"}],"wp:attachment":[{"href":"https:\/\/revistazetta.com\/index.php?rest_route=%2Fwp%2Fv2%2Fmedia&parent=9785"}],"wp:term":[{"taxonomy":"category","embeddable":true,"href":"https:\/\/revistazetta.com\/index.php?rest_route=%2Fwp%2Fv2%2Fcategories&post=9785"},{"taxonomy":"post_tag","embeddable":true,"href":"https:\/\/revistazetta.com\/index.php?rest_route=%2Fwp%2Fv2%2Ftags&post=9785"}],"curies":[{"name":"wp","href":"https:\/\/api.w.org\/{rel}","templated":true}]}}