{"id":9787,"date":"2015-11-30T06:42:35","date_gmt":"2015-11-30T11:42:35","guid":{"rendered":"http:\/\/www.revistazetta.com\/?p=9787"},"modified":"2015-11-30T06:42:35","modified_gmt":"2015-11-30T11:42:35","slug":"manolo-y-la-ciudad-tienen-que-hacerlo-muy-bien","status":"publish","type":"post","link":"https:\/\/revistazetta.com\/?p=9787","title":{"rendered":"Manolo y la ciudad tienen que hacerlo muy bien"},"content":{"rendered":"<p><strong>Por JOHN ZAMORA.-\u00a0<\/strong><strong>Director Revista Zetta.-\u00a0<\/strong>Respaldo popular y plena legitimidad tiene el alcalde Manuel Vicente Duque V\u00e1squez para iniciar el mandato de cuatro a\u00f1os donde tiene una sola opci\u00f3n: hacerlo muy bien, acompa\u00f1ado de toda la ciudad.<\/p>\n<p>Tantos a\u00f1os descuadernados y desunidos tienen que llegar al final y, como un \u201cimperativo categ\u00f3rico\u201d, debemos comenzar a creer en nosotros mismos. Por ejemplo, quiero creerle a Gerardo Rumi\u00e9, presidente de la Junta Directiva de la centenaria C\u00e1mara de Comercio, cuando dice que debemos ser incluyentes y trabajar al un\u00edsono. Quiero creerles a los dirigentes pol\u00edticos cuando expresan que los intereses de la ciudad est\u00e1n por encima. Quiero creerles en especial a los que perdieron y dicen que la campa\u00f1a electoral ha quedado atr\u00e1s. Quiero creerles a los 126 mil ciudadanos que votamos por Manuel Vicente de Jes\u00fas, no para que llegue al Palacio de la Aduana y dejarlo solo, sino para acompa\u00f1arlo en su gesti\u00f3n. La ecuaci\u00f3n es sencilla y vieja: si al alcalde le va bien, a la ciudad tambi\u00e9n.<\/p>\n<p>En \u00e9poca de campa\u00f1a sostuve que Manolo aprendi\u00f3 del deporte a conocer al individuo humano, y del periodismo social aprendi\u00f3 a conocer y comprender a nuestra sociedad, con notoria ventaja sobre otras disciplinas profesionales, y que su diploma externadista de Comunicador Social es tan v\u00e1lido, o m\u00e1s, que cualquier otro.<\/p>\n<p>Manolo sabe perfectamente en qu\u00e9 se meti\u00f3 y cu\u00e1l es su responsabilidad. Los periodistas no lo sabemos todo, pero s\u00ed sabemos buscarlo todo, y ese m\u00e9todo de b\u00fasqueda es el que guiar\u00e1 al gobernante a encontrar el mejor equipo de trabajo y un pu\u00f1ado de soluciones para la ciudad. Ni con la l\u00e1mpara de Aladino resolver\u00e1 todos los problemas, pero de seguro acertar\u00e1 en varios de ellos.<\/p>\n<p>El proceso de empalme tiene el prop\u00f3sito de diagnosticar qu\u00e9 ciudad y qu\u00e9 administraci\u00f3n recibe, y quienes est\u00e1n en esas labores deben entender que no pueden esperar una retribuci\u00f3n directa, como la de pertenecer al gabinete. Y esa es la mejor contribuci\u00f3n que le pueden hacer al alcalde Manolo, si de verdad lo respaldan.<\/p>\n<p>Los medios de comunicaci\u00f3n tenemos una gran responsabilidad en la construcci\u00f3n de la nueva Cartagena que inicia este 1 de enero. En Revista Zetta nos declaramos soldados de la gran causa ciudadana, y ejerceremos el periodismo con libertad y autonom\u00eda, pero con sentido constructivo.<\/p>\n<p>Es de esperar que el alcalde Duque d\u00e9 se\u00f1ales inequ\u00edvocas de este nuevo esquema de poder en Cartagena, y que sepamos entenderlas. Conf\u00edo plenamente en sus capacidades, en su criterio, y s\u00e9 que tambi\u00e9n tiene los pantalones para repeler a quienes han cre\u00eddo que por haberlo apoyado, tienen el derecho a parcelar la administraci\u00f3n. Los tiempos de la \u201cpandilla\u201d no se deben repetir.<\/p>\n<p>Con el nuevo alcalde tambi\u00e9n vendr\u00e1 un nuevo Concejo, y nuevos Contralor y Personero, cuya responsabilidad es alt\u00edsima en la construcci\u00f3n de la nueva Cartagena.<\/p>\n<p>Es la hora. Manolo y la ciudad tienen que hacerlo muy bien. Y la ciudad somos todos.<\/p>\n","protected":false},"excerpt":{"rendered":"<p>Por JOHN ZAMORA.-\u00a0Director Revista Zetta.-\u00a0Respaldo popular y plena legitimidad tiene el alcalde Manuel Vicente Duque V\u00e1squez para iniciar el mandato de cuatro a\u00f1os donde tiene una sola opci\u00f3n: hacerlo muy bien, acompa\u00f1ado de toda la ciudad. Tantos a\u00f1os descuadernados y desunidos tienen que llegar al final y, como un \u201cimperativo categ\u00f3rico\u201d, debemos comenzar a creer en nosotros mismos. Por ejemplo, quiero creerle a Gerardo Rumi\u00e9, presidente de la Junta Directiva de la centenaria C\u00e1mara de Comercio, cuando dice que debemos ser incluyentes y trabajar al un\u00edsono. Quiero creerles a los&#8230; <\/p>\n","protected":false},"author":3,"featured_media":9775,"comment_status":"open","ping_status":"closed","sticky":false,"template":"","format":"standard","meta":{"footnotes":"","_links_to":"","_links_to_target":""},"categories":[45],"tags":[],"class_list":["post-9787","post","type-post","status-publish","format-standard","has-post-thumbnail","hentry","category-orbita"],"_links":{"self":[{"href":"https:\/\/revistazetta.com\/index.php?rest_route=\/wp\/v2\/posts\/9787","targetHints":{"allow":["GET"]}}],"collection":[{"href":"https:\/\/revistazetta.com\/index.php?rest_route=\/wp\/v2\/posts"}],"about":[{"href":"https:\/\/revistazetta.com\/index.php?rest_route=\/wp\/v2\/types\/post"}],"author":[{"embeddable":true,"href":"https:\/\/revistazetta.com\/index.php?rest_route=\/wp\/v2\/users\/3"}],"replies":[{"embeddable":true,"href":"https:\/\/revistazetta.com\/index.php?rest_route=%2Fwp%2Fv2%2Fcomments&post=9787"}],"version-history":[{"count":0,"href":"https:\/\/revistazetta.com\/index.php?rest_route=\/wp\/v2\/posts\/9787\/revisions"}],"wp:featuredmedia":[{"embeddable":true,"href":"https:\/\/revistazetta.com\/index.php?rest_route=\/wp\/v2\/media\/9775"}],"wp:attachment":[{"href":"https:\/\/revistazetta.com\/index.php?rest_route=%2Fwp%2Fv2%2Fmedia&parent=9787"}],"wp:term":[{"taxonomy":"category","embeddable":true,"href":"https:\/\/revistazetta.com\/index.php?rest_route=%2Fwp%2Fv2%2Fcategories&post=9787"},{"taxonomy":"post_tag","embeddable":true,"href":"https:\/\/revistazetta.com\/index.php?rest_route=%2Fwp%2Fv2%2Ftags&post=9787"}],"curies":[{"name":"wp","href":"https:\/\/api.w.org\/{rel}","templated":true}]}}