{"id":9894,"date":"2015-12-06T11:48:17","date_gmt":"2015-12-06T16:48:17","guid":{"rendered":"http:\/\/www.revistazetta.com\/?p=9894"},"modified":"2015-12-06T11:48:17","modified_gmt":"2015-12-06T16:48:17","slug":"todo-sobre-el-galeon-san-jose","status":"publish","type":"post","link":"https:\/\/revistazetta.com\/?p=9894","title":{"rendered":"Todo sobre el gale\u00f3n San Jos\u00e9"},"content":{"rendered":"<p><strong>Preguntas y respuestas sobre el hallazgo del Gale\u00f3n San Jos\u00e9<\/strong><\/p>\n<p>Cartagena, 5 dic (SIG).<\/p>\n<ol>\n<li><strong> \u00bfQui\u00e9n encontr\u00f3 el Gale\u00f3n San Jos\u00e9?<\/strong><\/li>\n<\/ol>\n<p>El Estado colombiano mediante una APP de iniciativa privada. El proyecto fue dirigido por el Ministerio de Cultura, con la direcci\u00f3n cient\u00edfica de el Instituto Colombiano de Antropolog\u00eda e Historia (ICANH) y el concurso de la Dimar y de expertos internacionales.<\/p>\n<p><a href=\"https:\/\/www.revistazetta.com\/wp-content\/uploads\/2015\/12\/foto2_g.jpg\"><img loading=\"lazy\" decoding=\"async\" class=\"alignnone size-medium wp-image-9895\" src=\"https:\/\/www.revistazetta.com\/wp-content\/uploads\/2015\/12\/foto2_g-300x188.jpg\" alt=\"foto2_g\" width=\"300\" height=\"188\" srcset=\"https:\/\/revistazetta.com\/wp-content\/uploads\/2015\/12\/foto2_g-300x188.jpg 300w, https:\/\/revistazetta.com\/wp-content\/uploads\/2015\/12\/foto2_g.jpg 576w\" sizes=\"auto, (max-width: 300px) 100vw, 300px\" \/><\/a> <a href=\"https:\/\/www.revistazetta.com\/wp-content\/uploads\/2015\/12\/foto3_g.jpg\"><img loading=\"lazy\" decoding=\"async\" class=\"alignnone size-medium wp-image-9896\" src=\"https:\/\/www.revistazetta.com\/wp-content\/uploads\/2015\/12\/foto3_g-300x188.jpg\" alt=\"foto3_g\" width=\"300\" height=\"188\" srcset=\"https:\/\/revistazetta.com\/wp-content\/uploads\/2015\/12\/foto3_g-300x188.jpg 300w, https:\/\/revistazetta.com\/wp-content\/uploads\/2015\/12\/foto3_g.jpg 576w\" sizes=\"auto, (max-width: 300px) 100vw, 300px\" \/><\/a> <a href=\"https:\/\/www.revistazetta.com\/wp-content\/uploads\/2015\/12\/foto4_g.jpg\"><img loading=\"lazy\" decoding=\"async\" class=\"alignnone size-medium wp-image-9897\" src=\"https:\/\/www.revistazetta.com\/wp-content\/uploads\/2015\/12\/foto4_g-300x188.jpg\" alt=\"foto4_g\" width=\"300\" height=\"188\" srcset=\"https:\/\/revistazetta.com\/wp-content\/uploads\/2015\/12\/foto4_g-300x188.jpg 300w, https:\/\/revistazetta.com\/wp-content\/uploads\/2015\/12\/foto4_g.jpg 576w\" sizes=\"auto, (max-width: 300px) 100vw, 300px\" \/><\/a> <a href=\"https:\/\/www.revistazetta.com\/wp-content\/uploads\/2015\/12\/foto5_g.jpg\"><img loading=\"lazy\" decoding=\"async\" class=\"alignnone size-medium wp-image-9898\" src=\"https:\/\/www.revistazetta.com\/wp-content\/uploads\/2015\/12\/foto5_g-300x188.jpg\" alt=\"foto5_g\" width=\"300\" height=\"188\" srcset=\"https:\/\/revistazetta.com\/wp-content\/uploads\/2015\/12\/foto5_g-300x188.jpg 300w, https:\/\/revistazetta.com\/wp-content\/uploads\/2015\/12\/foto5_g.jpg 576w\" sizes=\"auto, (max-width: 300px) 100vw, 300px\" \/><\/a><\/p>\n<ol start=\"2\">\n<li><strong> \u00bfQui\u00e9nes son los expertos internacionales?<\/strong><\/li>\n<\/ol>\n<p>&nbsp;<\/p>\n<p>La informaci\u00f3n relativa al hallazgo se encuentra sometida a reserva de ley, por tratarse de un asunto de Estado. Por consiguiente no es posible revelar su identidad.<\/p>\n<p>&nbsp;<\/p>\n<ol start=\"3\">\n<li><strong> \u00bfC\u00f3mo se escogieron?<\/strong><\/li>\n<\/ol>\n<p>&nbsp;<\/p>\n<p>Por su capacidad cient\u00edfica y arqueol\u00f3gica. Se busc\u00f3 un equipo (dream team) mutidisciplinario, que entendiera la importancia del patrimonio cultural sumergido y que garantizara su protecci\u00f3n y la transferencia de conocimientos y tecnolog\u00eda.<\/p>\n<p>&nbsp;<\/p>\n<ol start=\"4\">\n<li><strong> \u00bfD\u00f3nde lo encontraron?<\/strong><\/li>\n<\/ol>\n<p>&nbsp;<\/p>\n<p>En inmediaciones de las costas del Caribe Colombiano. El yacimiento arqueol\u00f3gico no ha sido intervenido.<\/p>\n<p>&nbsp;<\/p>\n<ol start=\"5\">\n<li><strong> \u00bfEs el mismo lugar donde se dec\u00eda que se hab\u00eda ubicado anteriormente?<\/strong><\/li>\n<\/ol>\n<p>&nbsp;<\/p>\n<p>Muchos historiadores y cazatesoros lo ubicaron en diversas coordenadas. Se hall\u00f3 en un lugar nunca antes referenciado por estudios previos, a partir de estudios cartogr\u00e1ficos, metereol\u00f3gicos e hist\u00f3ricos antes desconocidos en Colombia.<\/p>\n<p>&nbsp;<\/p>\n<ol start=\"6\">\n<li><strong> \u00bfC\u00f3mo lo encontraron?<\/strong><\/li>\n<\/ol>\n<p>&nbsp;<\/p>\n<p>Con un m\u00e9todo de exploraci\u00f3n denominado Prospecci\u00f3n Sistem\u00e1tica Regional, que emplea sonar, c\u00e1maras fotogr\u00e1ficas especiales y un AUV (Veh\u00edculo Aut\u00f3nomo Subacu\u00e1tico) para navegar, desde el cual se operan los equipos.<\/p>\n<p>&nbsp;<\/p>\n<ol start=\"7\">\n<li><strong> \u00bfQu\u00e9 encontraron?<\/strong><\/li>\n<\/ol>\n<p>&nbsp;<\/p>\n<p>El sitio arqueol\u00f3gico est\u00e1 conformado por un contexto propio. Contiene partes de la estructura original, lastre y su dotaci\u00f3n. Se pueden observar ca\u00f1ones de bronce, cajones y vasijas de cer\u00e1mica y porcelana y armas personales. Hasta la fecha no se ha identificado nada m\u00e1s.<\/p>\n<p>&nbsp;<\/p>\n<ol start=\"8\">\n<li><strong> \u00bfEn qu\u00e9 estado encontraron las cosas?<\/strong><\/li>\n<\/ol>\n<p>&nbsp;<\/p>\n<p>Todav\u00eda no es posible saberlo. Pero por la evidencia visual, podemos afirmar que la embarcaci\u00f3n no ha sido intervenida.<\/p>\n<p>&nbsp;<\/p>\n<ol start=\"9\">\n<li><strong> \u00bfPor qu\u00e9 est\u00e1n seguros de que es el Gale\u00f3n San Jos\u00e9?<\/strong><\/li>\n<\/ol>\n<p>&nbsp;<\/p>\n<p>La informaci\u00f3n de sonar fue evaluada por equipos de cient\u00edficos nacionales y extranjeros. Se han registrado cerca de cien millas cuadradas, lo cual le da a Colombia un conocimiento claro y espec\u00edfico de esta zona en torno al patrimonio cultural sumergido. Por las especificaciones de los ca\u00f1ones de bronce, que est\u00e1n en buen estado, no existe ninguna duda de que se trata del Gale\u00f3n San Jos\u00e9.<\/p>\n<p>&nbsp;<\/p>\n<ol start=\"10\">\n<li><strong> \u00bfAlguien ha llegado hasta el Gale\u00f3n?<\/strong><\/li>\n<\/ol>\n<p>&nbsp;<\/p>\n<p>Se ha trabajado con Unidades no tripuladas de trabajo en profundidad, conocidas como AUV (Veh\u00edculos Aut\u00f3nomos Subacu\u00e1ticos)<\/p>\n<p>&nbsp;<\/p>\n<ol start=\"11\">\n<li><strong> De acuerdo con lo encontrado, \u00bfse puede sacar alguna conclusi\u00f3n sobre la causa del hundimiento del barco?<\/strong><\/li>\n<\/ol>\n<p>&nbsp;<\/p>\n<p>Es temprano a\u00fan para sacar conclusiones, pero la evidencia recopilada apunta a concluir que el barco no explot\u00f3, como se ha dicho en casi todos los libros de historia.<\/p>\n<p>&nbsp;<\/p>\n<ol start=\"12\">\n<li><strong> \u00bfCu\u00e1nto durar\u00e1 la recuperaci\u00f3n de lo hallado?<\/strong><\/li>\n<\/ol>\n<p>&nbsp;<\/p>\n<p>Es un proyecto de muy largo plazo que puede durar varios a\u00f1os. La etapa que se ha adelantado es apenas la de exploraci\u00f3n. Faltan las de excavaci\u00f3n, intervenci\u00f3n, conservaci\u00f3n y divulgaci\u00f3n.<\/p>\n<p>&nbsp;<\/p>\n<ol start=\"13\">\n<li><strong> \u00bfA qui\u00e9n pertenece lo encontrado?<\/strong><\/li>\n<\/ol>\n<p>&nbsp;<\/p>\n<p>Pertenece al Patrimonio Cultural de la Naci\u00f3n, a excepci\u00f3n de lo que la misma ley establece que no se considera patrimonio cultural. La ley otorga al Estado colombiano la capacidad de disponer hasta de un 50% de lo que no es patrimonio.<\/p>\n<p>&nbsp;<\/p>\n<ol start=\"14\">\n<li><strong> \u00bfQu\u00e9 se va a hacer con lo encontrado?<\/strong><\/li>\n<\/ol>\n<p>&nbsp;<\/p>\n<p>La ley prev\u00e9 que se puede intervenir y establece unas condiciones de conservaci\u00f3n, pero tambi\u00e9n permite que se pueda disponer de los elementos que no sean declarados como patrimonio.<\/p>\n<p>&nbsp;<\/p>\n<ol start=\"15\">\n<li><strong> \u00bfQui\u00e9n pag\u00f3 la exploraci\u00f3n?<\/strong><\/li>\n<\/ol>\n<p>&nbsp;<\/p>\n<p>Mediante el mecanismo de la APP de iniciativa privada, la financiaci\u00f3n corre por cuenta de los particulares.<\/p>\n<p>&nbsp;<\/p>\n<ol start=\"16\">\n<li><strong> \u00bfQu\u00e9 cambi\u00f3 la nueva ley de patrimonio?<\/strong><\/li>\n<\/ol>\n<p>&nbsp;<\/p>\n<p>La ley 1675 de 2013 permiti\u00f3 realizar la APP que finalmente condujo al hallazgo y estableci\u00f3 que todo lo que sea calificado como patrimonio cultural sumergido es propiedad de la Naci\u00f3n.<\/p>\n<p>&nbsp;<\/p>\n<p><strong>Comunicado del Presidente Santos sobre hallazgo del Gale\u00f3n San Jos\u00e9<\/strong><\/p>\n<p>&nbsp;<\/p>\n<p>Cartagena, 5 dic (SIG). \u201cMe siento muy complacido, como Jefe de Estado, de informarles que, sin lugar a dudas, hemos encontrado, 307 a\u00f1os despu\u00e9s de su hundimiento, el Gale\u00f3n San Jos\u00e9. Al respecto quiero comunicarles lo siguiente:<\/p>\n<p>Ha sido inter\u00e9s de este gobierno el desarrollo de una pol\u00edtica de investigaci\u00f3n en Patrimonio cultural sumergido que est\u00e9 a la altura de las m\u00e1s grandes en el mundo, en el marco de la ley que empezamos a trabajar desde el primer d\u00eda de nuestro mandato, y que promovimos ante el Congreso de la Rep\u00fablica en el a\u00f1o 2013.<\/p>\n<p>Al efecto, bajo la direcci\u00f3n general del Ministerio de Cultura, la direcci\u00f3n cient\u00edfica del Instituto Colombiano de Antropolog\u00eda e Historia \u2013 ICANH, y con la colaboraci\u00f3n directa de la Direcci\u00f3n General Mar\u00edtima \u2013 DIMAR, nos hemos propuesto identificar y proteger el Patrimonio cultural sumergido en Colombia.<\/p>\n<p>Desde el 2013 se han realizado todos los esfuerzos necesarios para que este patrimonio sea reconocido, en beneficio de todos los colombianos y de la humanidad.<\/p>\n<p>La investigaci\u00f3n cient\u00edfica que se ha realizado a partir de estudios cartogr\u00e1ficos, meteorol\u00f3gicos e hist\u00f3ricos, desconocidos en Colombia,\u00a0 y la m\u00e1s alta tecnolog\u00eda disponible a nivel mundial, ha alcanzado muy significativos logros. Es as\u00ed como se han podido encontrar varios naufragios en el lecho marino.<\/p>\n<p>Al amanecer del pasado viernes 27 de noviembre, d\u00eda de la Virgen de la Milagrosa,\u00a0 el Instituto Colombiano de Antropolog\u00eda e Historia, con el concurso de la Armada Nacional y de cient\u00edficos internacionales, hall\u00f3 en inmediaciones de la Costa Caribe colombiana, un yacimiento arqueol\u00f3gico que corresponde a la Nave Capitana Gale\u00f3n San Jos\u00e9.<\/p>\n<p>Es un acontecimiento de la ciencia que nos recuerda que la historia colombiana est\u00e1 constituida por eventos de muy distintas \u00e9pocas, protagonizados por miles de personas que hacen parte de la memoria nacional. Hoy rendimos homenaje a los seiscientos navegantes que fallecieron al momento del hundimiento del Gale\u00f3n San Jos\u00e9.<\/p>\n<p>Quiero agradecer p\u00fablicamente a la se\u00f1ora Ministra de Cultura, al director del ICANH, a la DIMAR, a los miembros de la Comisi\u00f3n de Antig\u00fcedades N\u00e1ufragas y a las entidades y a los cient\u00edficos, nacionales e internacionales, que han colaborado con el Gobierno en este esfuerzo, que constituye uno de los m\u00e1s grandes hallazgos e identificaciones de patrimonio sumergido en la historia de la humanidad.<\/p>\n<p>El Gobierno colombiano continuar\u00e1 su proceso de investigaci\u00f3n, exploraci\u00f3n y protecci\u00f3n del patrimonio cultural sumergido, de acuerdo con la normativa vigente y las pol\u00edticas p\u00fablicas del Estado Colombiano.<\/p>\n<p>La informaci\u00f3n relativa al hallazgo se encuentra sometida a reserva de ley y por tratarse de\u00a0 un asunto de Estado, el Presidente de la Rep\u00fablica ser\u00e1 el \u00fanico funcionario competente para referirse al mismo\u201d.<\/p>\n<p>&nbsp;<\/p>\n<p><strong>Historia del Gale\u00f3n San Jos\u00e9 (1696-1708)<\/strong><\/p>\n<p>Bogot\u00e1, 5 dic (SIG). El Gale\u00f3n San Jos\u00e9 fue construido en 1696 por el vasco Pedro de Ar\u00f3stegui. Su ejecuci\u00f3n fue realizada en los astilleros de Mapil, en Us\u00farbil.<\/p>\n<p>Era un gale\u00f3n de tres puentes, pesaba 1,066 toneladas, ten\u00eda lastre de piedras y se le montaron 44 ca\u00f1ones de hierro.<\/p>\n<p>El San Jos\u00e9 y el San Joaqu\u00edn (nave hermana) fueron reservados desde su llegada a C\u00e1diz para el Consulado y el Comercio de Sevilla. Se mandaron a construir exclusivamente para ser designados como capitana y almiranta y hacer parte de la Armada de Tierra Firme, pero desde su llegada a C\u00e1diz en 1699 hasta 1706 por variadas circunstancias no pudieron partir.<\/p>\n<p>El San Jos\u00e9 sufri\u00f3 varias modificaciones. En su \u00faltimo inventario realizado en Cadiz, antes de partir hacia Am\u00e9rica, se relaciona la artiller\u00eda y las armas que se le montaron: 46 ca\u00f1ones de bronce calibre 16; 8 ca\u00f1ones de bronce calibre 10 y 8 Sacres de bronce calibre 7. Adem\u00e1s, 2 Pedreros de bronce, 50 Mosquetes, 15 Escopetas, 20 Tercerolas, 80 Pistolas, 25 Templores, 25 Picos, 25 Chuzos y 26 Alfanges (espadas). Su tripulaci\u00f3n y pasajeros (oficiales, soldados, artilleros, marineros y grumetes) sobrepasaban los 500 hombres. Finalmente, el 10 de Marzo de 1706, sale del Puerto de C\u00e1diz, Jos\u00e9 Fern\u00e1ndez Santill\u00e1n, Conde de Casa Alegre y Capit\u00e1n General de la Armada de Tierra Firme, en su capitana, San Jos\u00e9.<\/p>\n<p>El 27 de Abril de 1706, despu\u00e9s de una traves\u00eda de 48 d\u00edas sin incidente, arrib\u00f3 a la Bah\u00eda de Cartagena la Armada del Conde de Casa Alegre. Entre los ilustres pasajeros embarcados estaba el Marqu\u00e9s de Castelldosrius, elegido por el Rey Felipe V como el nuevo virrey del Per\u00fa, con su familia y s\u00e9quito y el Arzobispo de Santa Fe.<\/p>\n<p>Durante el verano de 1706, se celebr\u00f3 en Cartagena una peque\u00f1a feria a la que acudieron comerciantes de Popay\u00e1n, Santa Fe y Quito. En esta feria el San Jos\u00e9 fue la gran atracci\u00f3n.\u00a0 El 5 de Enero de 1708, despu\u00e9s de casi dos a\u00f1os de espera en Cartagena, se elevaron las anclas y parti\u00f3 la Armada del Conde de Casa Alegre desde Cartagena hacia Panam\u00e1. Durante la salida se var\u00f3 el San Jos\u00e9 y se supo que \u201cal navegar las 80 leguas que hay desde Cartagena a Portobelo experimentaron los defectos por la mucho agua que la capitana hac\u00eda\u201d. La Armada arrib\u00f3 a Portobelo (Panam\u00e1) el 10 de febrero de 1708.<\/p>\n<p>El nuevo virrey del Per\u00fa, reuni\u00f3 1, 798,188 pesos, carga que lleg\u00f3 a Puerto Perico, Panam\u00e1, el 20 de Enero de 1708. Los caudales que se embarcaron en la Armada de Casa Alegre y espec\u00edficamente en la capitana San Jos\u00e9 no se conocen de manera precisa puesto que el valor del embarque no se registr\u00f3. Sin embargo el 20 de mayo de 1708, finalizada la Feria de Portobelo, se efectu\u00f3 el registro final de lo que se consign\u00f3 para la Corona. En el mismo, se especifica que el total fue de 1.115.252 pesos y 6 reales y medio y que se env\u00eda por mitad entre la capitana y la almiranta.<\/p>\n<p>La Armada del Conde de Casa Alegre zarp\u00f3 de Portobelo el 28 de mayo con destino una vez m\u00e1s a Cartagena. La armada estuvo integrada por 15 naves: sus dos galeones principales de 62 ca\u00f1ones, el San Jos\u00e9 como la capitana y el San Joaqu\u00edn como almiranta.<\/p>\n<p>&nbsp;<\/p>\n<p><strong>La Batalla<\/strong><\/p>\n<p>El regreso a Cartagena comenz\u00f3 lento pero sin contratiempos. El d\u00eda 7 de junio se alcanzaron a ver las Islas de San Bernardo -a unas 15 leguas del puerto de Cartagena- y antes de ponerse el sol se atraves\u00f3 la Capitana poniendo la proa al noroeste, manteni\u00e9ndose as\u00ed hasta el amanecer del d\u00eda 8 cuando prosigui\u00f3 su armada al nordeste en demanda del puerto. A las 2 o 3 de la tarde el gale\u00f3n Gobierno (el tercero al mando dentro la Armada) alcanz\u00f3 ver cuatro nav\u00edos. Se trataba de la escuadra inglesa del Comodoro Charles Wager que estaba esperando desde hace ya alg\u00fan tiempo la llegada de la Armada procedente de Portobelo.<\/p>\n<p>La escuadra inglesa estaba formada por cuatro nav\u00edos, el Expedition (buque insignia de Wager) con 70 ca\u00f1ones; el Kingston, con 60 ca\u00f1ones; el Portland, con 50 ca\u00f1ones y el brulote Vulture.<\/p>\n<p>Sobre las tres de la tarde, el viento hab\u00eda girado al nordeste dificultando a la Armada avanzar por tener el viento en contra y a la vez ayudaba a los ingleses a acercarse m\u00e1s a los espa\u00f1oles. Sin embargo la Capitana a\u00fan continuaba con su traves\u00eda hacia el puerto. Se acerc\u00f3 m\u00e1s a tierra y entre las cuatro y media y cinco de la tarde, viendo que no pod\u00eda remontar la Isla Ciruelo (Rosario) y la Isla del Tesoro, vir\u00f3 hacia fuera. Puso la proa al noroeste para buscar una mejor posici\u00f3n y ventaja en el inminente enfrentamiento con los ingleses. Sin haber podido largar el estandarte real, realiz\u00f3 un disparo, que era la se\u00f1al de ponerse en combate y comenz\u00f3 a formarse la l\u00ednea para la batalla.<\/p>\n<p>\u201cMedia hora antes de ponerse el sol, los ingleses se dejaron caer contra los galeones que ya estaban formados en l\u00ednea\u2026 la almiranta en la retaguardia, el gobierno en la vanguardia, la capitana en el centro y todos los dem\u00e1s nav\u00edos de la conserva al sotavento de los galeones\u201d coment\u00f3 el Almirante de la Armada.<\/p>\n<p>El Comodoro Wager se\u00f1ala: \u201cjusto cuando el sol se pon\u00eda yo enfrente a la capitana y una hora y aproximadamente una media m\u00e1s tarde, ya muy oscuro, la capitana estall\u00f3\u201d<\/p>\n<p>En cuanto a la hora a la que se perdi\u00f3 el San Jos\u00e9, varios testigos, espa\u00f1oles e ingleses coinciden con la hora estimada de Wager.\u00a0 La discrepancia radica en qu\u00e9 fue lo que provoc\u00f3 su hundimiento de forma repentina. Vale la pena resaltar que s\u00ed hubo numerosos impactos de ca\u00f1ones del Expedition a la capitana. Hubo fuego entre cubiertas y explotaron numerosas granadas. Pero como dijeron los testigos espa\u00f1oles en aquel momento, la verdadera causa del s\u00fabito hundimiento de la capitana, no fue una gran explosi\u00f3n en el pa\u00f1ol de la Santa B\u00e1rbara (cuarto de la p\u00f3lvora), como afirman muchos autores, sino el p\u00e9simo estado en el que estaba su estructura. Al realizase la segunda andanada, fue suficiente para que se acabara de abrir una enorme abertura en su casco y provocara ese hundimiento repentino del que todos hablan y nadie se explica.<\/p>\n<p>La arqueolog\u00eda subacu\u00e1tica es la \u00fanica disciplina cient\u00edfica que puede reconstruir la historia, no solamente utilizando como apoyo fuentes escritas, sino tambi\u00e9n mediante evidencias materiales. Solo un estudio arqueol\u00f3gico nos podr\u00e1 proporcionar las pruebas que confirmen las hip\u00f3tesis sobre la causa de su hundimiento.<\/p>\n<p>&nbsp;<\/p>\n","protected":false},"excerpt":{"rendered":"<p>Preguntas y respuestas sobre el hallazgo del Gale\u00f3n San Jos\u00e9 Cartagena, 5 dic (SIG). \u00bfQui\u00e9n encontr\u00f3 el Gale\u00f3n San Jos\u00e9? El Estado colombiano mediante una APP de iniciativa privada. El proyecto fue dirigido por el Ministerio de Cultura, con la direcci\u00f3n cient\u00edfica de el Instituto Colombiano de Antropolog\u00eda e Historia (ICANH) y el concurso de la Dimar y de expertos internacionales. \u00bfQui\u00e9nes son los expertos internacionales? &nbsp; La informaci\u00f3n relativa al hallazgo se encuentra sometida a reserva de ley, por tratarse de un asunto de Estado. Por consiguiente no es&#8230; <\/p>\n","protected":false},"author":3,"featured_media":9899,"comment_status":"open","ping_status":"closed","sticky":false,"template":"","format":"standard","meta":{"footnotes":"","_links_to":"","_links_to_target":""},"categories":[2,35],"tags":[],"class_list":["post-9894","post","type-post","status-publish","format-standard","has-post-thumbnail","hentry","category-actualidad","category-actualidad-nacion"],"_links":{"self":[{"href":"https:\/\/revistazetta.com\/index.php?rest_route=\/wp\/v2\/posts\/9894","targetHints":{"allow":["GET"]}}],"collection":[{"href":"https:\/\/revistazetta.com\/index.php?rest_route=\/wp\/v2\/posts"}],"about":[{"href":"https:\/\/revistazetta.com\/index.php?rest_route=\/wp\/v2\/types\/post"}],"author":[{"embeddable":true,"href":"https:\/\/revistazetta.com\/index.php?rest_route=\/wp\/v2\/users\/3"}],"replies":[{"embeddable":true,"href":"https:\/\/revistazetta.com\/index.php?rest_route=%2Fwp%2Fv2%2Fcomments&post=9894"}],"version-history":[{"count":0,"href":"https:\/\/revistazetta.com\/index.php?rest_route=\/wp\/v2\/posts\/9894\/revisions"}],"wp:featuredmedia":[{"embeddable":true,"href":"https:\/\/revistazetta.com\/index.php?rest_route=\/wp\/v2\/media\/9899"}],"wp:attachment":[{"href":"https:\/\/revistazetta.com\/index.php?rest_route=%2Fwp%2Fv2%2Fmedia&parent=9894"}],"wp:term":[{"taxonomy":"category","embeddable":true,"href":"https:\/\/revistazetta.com\/index.php?rest_route=%2Fwp%2Fv2%2Fcategories&post=9894"},{"taxonomy":"post_tag","embeddable":true,"href":"https:\/\/revistazetta.com\/index.php?rest_route=%2Fwp%2Fv2%2Ftags&post=9894"}],"curies":[{"name":"wp","href":"https:\/\/api.w.org\/{rel}","templated":true}]}}