{"id":9903,"date":"2015-12-06T19:32:15","date_gmt":"2015-12-07T00:32:15","guid":{"rendered":"http:\/\/www.revistazetta.com\/?p=9903"},"modified":"2015-12-06T19:32:15","modified_gmt":"2015-12-07T00:32:15","slug":"dumek-confirma-nuevas-caras-en-el-gabinete","status":"publish","type":"post","link":"https:\/\/revistazetta.com\/?p=9903","title":{"rendered":"Dumek confirma nuevas caras en el Gabinete"},"content":{"rendered":"<p>Genoveva Mogoll\u00f3n en Regal\u00edas y Claudia Carmona en Comunicaciones son los nuevos nombres confirmados por el gobernador electo Dumek Turbay<\/p>\n<p>Tambi\u00e9n es posible que no haya continuidad para ninguno de los cercanos colaboradores del gobernador saliente Juan Carlos Gossa\u00edn.<\/p>\n<p>\u201cEstamos en el proceso de construcci\u00f3n del equipo, pero lo m\u00e1s importante es que el equipo que se construya tiene que tener amplia capacidad y competencias probadas, conocimiento del territorio, amor y pasi\u00f3n por el departamento a prueba de todo, y capacidad de gesti\u00f3n, es el perfil que pretendemos designar para que a partir del 1 de enero no est\u00e9n acompa\u00f1ando\u201d, dijo Turbay Paz.<\/p>\n<p>El mandatario electo indic\u00f3 que as\u00ed como en campa\u00f1a les pidi\u00f3 que le ayudaran a ganar a varios sectores pol\u00edticos, gremiales, culturales, comunitarios, entre otros, de igual forma les pedir\u00e1 que le ayuden a gobernar.<\/p>\n<p>Se conoci\u00f3 que Genoveva Mogoll\u00f3n conoce a fondo la mitolog\u00eda para articulaci\u00f3n de proyectos a nivel nacional, por lo que tendr\u00e1 la gran responsabilidad de impulsar todo el paquete de iniciativas por regal\u00edas.<\/p>\n<p>Por su parte, Claudia Carmona es una de las comunicadoras y presentadoras m\u00e1s cotizadas de Cartagena, de excepcional trabajo por varios a\u00f1os, y quien durante la campa\u00f1a de Dumek Turbay prest\u00f3 sus servicios profesionales en el \u00e1rea estrat\u00e9gica y log\u00edstica.<\/p>\n","protected":false},"excerpt":{"rendered":"<p>Genoveva Mogoll\u00f3n en Regal\u00edas y Claudia Carmona en Comunicaciones son los nuevos nombres confirmados por el gobernador electo Dumek Turbay Tambi\u00e9n es posible que no haya continuidad para ninguno de los cercanos colaboradores del gobernador saliente Juan Carlos Gossa\u00edn. \u201cEstamos en el proceso de construcci\u00f3n del equipo, pero lo m\u00e1s importante es que el equipo que se construya tiene que tener amplia capacidad y competencias probadas, conocimiento del territorio, amor y pasi\u00f3n por el departamento a prueba de todo, y capacidad de gesti\u00f3n, es el perfil que pretendemos designar para&#8230; <\/p>\n","protected":false},"author":3,"featured_media":9904,"comment_status":"open","ping_status":"closed","sticky":false,"template":"","format":"standard","meta":{"footnotes":"","_links_to":"","_links_to_target":""},"categories":[26,4],"tags":[],"class_list":["post-9903","post","type-post","status-publish","format-standard","has-post-thumbnail","hentry","category-politica-noticias","category-politica"],"_links":{"self":[{"href":"https:\/\/revistazetta.com\/index.php?rest_route=\/wp\/v2\/posts\/9903","targetHints":{"allow":["GET"]}}],"collection":[{"href":"https:\/\/revistazetta.com\/index.php?rest_route=\/wp\/v2\/posts"}],"about":[{"href":"https:\/\/revistazetta.com\/index.php?rest_route=\/wp\/v2\/types\/post"}],"author":[{"embeddable":true,"href":"https:\/\/revistazetta.com\/index.php?rest_route=\/wp\/v2\/users\/3"}],"replies":[{"embeddable":true,"href":"https:\/\/revistazetta.com\/index.php?rest_route=%2Fwp%2Fv2%2Fcomments&post=9903"}],"version-history":[{"count":0,"href":"https:\/\/revistazetta.com\/index.php?rest_route=\/wp\/v2\/posts\/9903\/revisions"}],"wp:featuredmedia":[{"embeddable":true,"href":"https:\/\/revistazetta.com\/index.php?rest_route=\/wp\/v2\/media\/9904"}],"wp:attachment":[{"href":"https:\/\/revistazetta.com\/index.php?rest_route=%2Fwp%2Fv2%2Fmedia&parent=9903"}],"wp:term":[{"taxonomy":"category","embeddable":true,"href":"https:\/\/revistazetta.com\/index.php?rest_route=%2Fwp%2Fv2%2Fcategories&post=9903"},{"taxonomy":"post_tag","embeddable":true,"href":"https:\/\/revistazetta.com\/index.php?rest_route=%2Fwp%2Fv2%2Ftags&post=9903"}],"curies":[{"name":"wp","href":"https:\/\/api.w.org\/{rel}","templated":true}]}}